{"id":2476,"date":"2024-12-22T10:44:58","date_gmt":"2024-12-22T09:44:58","guid":{"rendered":"https:\/\/www.djurskyddet.se\/levandebevis\/?p=2476"},"modified":"2024-12-22T10:44:59","modified_gmt":"2024-12-22T09:44:59","slug":"kurre","status":"publish","type":"post","link":"https:\/\/www.djurskyddet.se\/levandebevis\/2024\/12\/22\/kurre\/","title":{"rendered":"Kurre"},"content":{"rendered":"<p>Min hund blir helt skr\u00e4ckslagen s\u00e5 fort det sm\u00e4ller. Det b\u00f6rjade ett \u00e5r p\u00e5 eftermiddagen p\u00e5 ny\u00e5rsafton n\u00e4r vi tog en promenad och en pappa med barn sk\u00f6t av en rej\u00e4l t\u00e5rta n\u00e4r vi gick f\u00f6rbi. Numera lindar jag in honom h\u00e5rt, ger lugnande och han har Adaptilhalsband fr\u00e5n jul och fram\u00e5t men inget hj\u00e4lper n\u00e4r det v\u00e4l sm\u00e4ller. Vi har turen att kunna \u00e5ka till landst\u00e4llet d\u00e4r det \u00e4r lugnare men \u00e4ven d\u00e4r sm\u00e4ller det. Det \u00e4r hemskt. Och d\u00e5 t\u00e4nker jag p\u00e5 dom vilda djuren som inte f\u00e5r den hj\u00e4lpen som v\u00e5r hund f\u00e5r.<\/p>\n<p><\/p>","protected":false},"excerpt":{"rendered":"<p>Min hund blir helt skr\u00e4ckslagen s\u00e5 fort det sm\u00e4ller. Det b\u00f6rjade ett \u00e5r p\u00e5 eftermiddagen p\u00e5 ny\u00e5rsafton n\u00e4r vi tog en promenad och en pappa med barn sk\u00f6t av en rej\u00e4l t\u00e5rta n\u00e4r vi gick f\u00f6rbi. Numera lindar jag in honom h\u00e5rt, ger lugnande och han har Adaptilhalsband fr\u00e5n jul och fram\u00e5t men inget hj\u00e4lper [&hellip;]<\/p>\n","protected":false},"author":2,"featured_media":2478,"comment_status":"open","ping_status":"open","sticky":false,"template":"","format":"standard","meta":{"_acf_changed":false,"footnotes":""},"categories":[1],"tags":[],"class_list":["post-2476","post","type-post","status-publish","format-standard","has-post-thumbnail","hentry","category-alla-levande-bevis"],"acf":[],"_links":{"self":[{"href":"https:\/\/www.djurskyddet.se\/levandebevis\/wp-json\/wp\/v2\/posts\/2476","targetHints":{"allow":["GET"]}}],"collection":[{"href":"https:\/\/www.djurskyddet.se\/levandebevis\/wp-json\/wp\/v2\/posts"}],"about":[{"href":"https:\/\/www.djurskyddet.se\/levandebevis\/wp-json\/wp\/v2\/types\/post"}],"author":[{"embeddable":true,"href":"https:\/\/www.djurskyddet.se\/levandebevis\/wp-json\/wp\/v2\/users\/2"}],"replies":[{"embeddable":true,"href":"https:\/\/www.djurskyddet.se\/levandebevis\/wp-json\/wp\/v2\/comments?post=2476"}],"version-history":[{"count":1,"href":"https:\/\/www.djurskyddet.se\/levandebevis\/wp-json\/wp\/v2\/posts\/2476\/revisions"}],"predecessor-version":[{"id":2477,"href":"https:\/\/www.djurskyddet.se\/levandebevis\/wp-json\/wp\/v2\/posts\/2476\/revisions\/2477"}],"wp:featuredmedia":[{"embeddable":true,"href":"https:\/\/www.djurskyddet.se\/levandebevis\/wp-json\/wp\/v2\/media\/2478"}],"wp:attachment":[{"href":"https:\/\/www.djurskyddet.se\/levandebevis\/wp-json\/wp\/v2\/media?parent=2476"}],"wp:term":[{"taxonomy":"category","embeddable":true,"href":"https:\/\/www.djurskyddet.se\/levandebevis\/wp-json\/wp\/v2\/categories?post=2476"},{"taxonomy":"post_tag","embeddable":true,"href":"https:\/\/www.djurskyddet.se\/levandebevis\/wp-json\/wp\/v2\/tags?post=2476"}],"curies":[{"name":"wp","href":"https:\/\/api.w.org\/{rel}","templated":true}]}}