{"id":3675,"date":"2024-12-29T18:19:01","date_gmt":"2024-12-29T17:19:01","guid":{"rendered":"https:\/\/www.djurskyddet.se\/levandebevis\/?p=3675"},"modified":"2024-12-29T18:19:02","modified_gmt":"2024-12-29T17:19:02","slug":"idra","status":"publish","type":"post","link":"https:\/\/www.djurskyddet.se\/levandebevis\/2024\/12\/29\/idra\/","title":{"rendered":"Idra"},"content":{"rendered":"<p>Otroligt r\u00e4dd och ny\u00e5rsafton firar vi inst\u00e4ngda i ett rum med f\u00f6rdragna f\u00f6nster och Tvn p\u00e5 h\u00f6g volym. Jag och min familj f\u00e5r ge avkall p\u00e5 att fira in det nya \u00e5ret p\u00e5 ett socialt s\u00e4tt pga dessa fyrverkerier \u00e4r till\u00e5tna fortfarande.  Trots oerh\u00f6rt h\u00e5rda djurskyddslagar i detta land.  T\u00e4nk p\u00e5 alla vilda djur som inte har n\u00e5gonstans att fly? Fyfan f\u00f6r detta men politikerna vill som vanligt ha in skattepengar och d\u00e5 g\u00e4ller tydligen inte djurskyddslagar l\u00e4ngre.<\/p>\n<p><\/p>","protected":false},"excerpt":{"rendered":"<p>Otroligt r\u00e4dd och ny\u00e5rsafton firar vi inst\u00e4ngda i ett rum med f\u00f6rdragna f\u00f6nster och Tvn p\u00e5 h\u00f6g volym. Jag och min familj f\u00e5r ge avkall p\u00e5 att fira in det nya \u00e5ret p\u00e5 ett socialt s\u00e4tt pga dessa fyrverkerier \u00e4r till\u00e5tna fortfarande. Trots oerh\u00f6rt h\u00e5rda djurskyddslagar i detta land. T\u00e4nk p\u00e5 alla vilda djur som [&hellip;]<\/p>\n","protected":false},"author":2,"featured_media":3677,"comment_status":"open","ping_status":"open","sticky":false,"template":"","format":"standard","meta":{"_acf_changed":false,"footnotes":""},"categories":[1],"tags":[],"class_list":["post-3675","post","type-post","status-publish","format-standard","has-post-thumbnail","hentry","category-alla-levande-bevis"],"acf":[],"_links":{"self":[{"href":"https:\/\/www.djurskyddet.se\/levandebevis\/wp-json\/wp\/v2\/posts\/3675","targetHints":{"allow":["GET"]}}],"collection":[{"href":"https:\/\/www.djurskyddet.se\/levandebevis\/wp-json\/wp\/v2\/posts"}],"about":[{"href":"https:\/\/www.djurskyddet.se\/levandebevis\/wp-json\/wp\/v2\/types\/post"}],"author":[{"embeddable":true,"href":"https:\/\/www.djurskyddet.se\/levandebevis\/wp-json\/wp\/v2\/users\/2"}],"replies":[{"embeddable":true,"href":"https:\/\/www.djurskyddet.se\/levandebevis\/wp-json\/wp\/v2\/comments?post=3675"}],"version-history":[{"count":1,"href":"https:\/\/www.djurskyddet.se\/levandebevis\/wp-json\/wp\/v2\/posts\/3675\/revisions"}],"predecessor-version":[{"id":3676,"href":"https:\/\/www.djurskyddet.se\/levandebevis\/wp-json\/wp\/v2\/posts\/3675\/revisions\/3676"}],"wp:featuredmedia":[{"embeddable":true,"href":"https:\/\/www.djurskyddet.se\/levandebevis\/wp-json\/wp\/v2\/media\/3677"}],"wp:attachment":[{"href":"https:\/\/www.djurskyddet.se\/levandebevis\/wp-json\/wp\/v2\/media?parent=3675"}],"wp:term":[{"taxonomy":"category","embeddable":true,"href":"https:\/\/www.djurskyddet.se\/levandebevis\/wp-json\/wp\/v2\/categories?post=3675"},{"taxonomy":"post_tag","embeddable":true,"href":"https:\/\/www.djurskyddet.se\/levandebevis\/wp-json\/wp\/v2\/tags?post=3675"}],"curies":[{"name":"wp","href":"https:\/\/api.w.org\/{rel}","templated":true}]}}