{"id":428,"date":"2024-12-05T19:49:45","date_gmt":"2024-12-05T18:49:45","guid":{"rendered":"https:\/\/www.djurskyddet.se\/levandebevis\/?p=428"},"modified":"2024-12-05T19:49:45","modified_gmt":"2024-12-05T18:49:45","slug":"jum-jum","status":"publish","type":"post","link":"https:\/\/www.djurskyddet.se\/levandebevis\/2024\/12\/05\/jum-jum\/","title":{"rendered":"Jum-Jum"},"content":{"rendered":"<p>Jum-Jum har de senaste \u00e5ren blivit fruktansv\u00e4rt r\u00e4dd f\u00f6r sm\u00e4llare och fyrverkerier. Vi bor i en \u00e4ldre fastighet med gamla f\u00f6nster vilket g\u00f6r att han inte kommer undan ljuden n\u00e4r det b\u00f6rjar sm\u00e4lla.<br \/>\nHan f\u00e5r s\u00e5dan panik att han b\u00f6rjar andas snabbt, han skakar och f\u00f6rs\u00f6ker hitta n\u00e5gonstans att fly.<br \/>\n\u00c4r vi ute s\u00e5 drar han hem och kan inte utf\u00f6ra sina behov. S\u00e5 vi f\u00f6rs\u00f6ker att inte ge honom s\u00e5 mycket mat vilket \u00e4r fruktansv\u00e4rt och det g\u00f6r mig som \u00e4gare otroligt arg. Att min hund ska beh\u00f6va lida p\u00e5 detta s\u00e4tt f\u00f6r att folk ska \u00e4gna sig \u00e5t s\u00e5dant som enbart \u00e4r d\u00e5ligt f\u00f6r milj\u00f6n och vilda som tama djur.<br \/>\nOm folk som vill sm\u00e4lla d\u00e5 \u00e5tminstone kunde h\u00e5lla sig till tolvslaget p\u00e5 ny\u00e5rsafton men det verkar om\u00f6jligt. Det brukar b\u00f6rja ca 2 veckor innan och forts\u00e4tta ca 2 veckor efter och p\u00e5g\u00e5 till och fr\u00e5n att solen g\u00e5r ner tills sena kv\u00e4llar.<br \/>\nDenna tid p\u00e5 \u00e5ret \u00e4r rentav vidrig f\u00f6r oss hund\u00e4gare med r\u00e4dda hundar och jag \u00f6nskar att det kunde bli l\u00e4ttare s\u00e5 att vi kunde ta v\u00e5ra promenader i lugn och ro. Och f\u00f6r att Jum-Jum skulle kunna fira ny\u00e5r lika avslappnat i soffan som annars \u2764\ufe0f<\/p>\n<p><\/p>","protected":false},"excerpt":{"rendered":"<p>Jum-Jum har de senaste \u00e5ren blivit fruktansv\u00e4rt r\u00e4dd f\u00f6r sm\u00e4llare och fyrverkerier. Vi bor i en \u00e4ldre fastighet med gamla f\u00f6nster vilket g\u00f6r att han inte kommer undan ljuden n\u00e4r det b\u00f6rjar sm\u00e4lla. Han f\u00e5r s\u00e5dan panik att han b\u00f6rjar andas snabbt, han skakar och f\u00f6rs\u00f6ker hitta n\u00e5gonstans att fly. \u00c4r vi ute s\u00e5 drar [&hellip;]<\/p>\n","protected":false},"author":2,"featured_media":430,"comment_status":"open","ping_status":"open","sticky":false,"template":"","format":"standard","meta":{"_acf_changed":false,"footnotes":""},"categories":[1],"tags":[],"class_list":["post-428","post","type-post","status-publish","format-standard","has-post-thumbnail","hentry","category-alla-levande-bevis"],"acf":[],"_links":{"self":[{"href":"https:\/\/www.djurskyddet.se\/levandebevis\/wp-json\/wp\/v2\/posts\/428","targetHints":{"allow":["GET"]}}],"collection":[{"href":"https:\/\/www.djurskyddet.se\/levandebevis\/wp-json\/wp\/v2\/posts"}],"about":[{"href":"https:\/\/www.djurskyddet.se\/levandebevis\/wp-json\/wp\/v2\/types\/post"}],"author":[{"embeddable":true,"href":"https:\/\/www.djurskyddet.se\/levandebevis\/wp-json\/wp\/v2\/users\/2"}],"replies":[{"embeddable":true,"href":"https:\/\/www.djurskyddet.se\/levandebevis\/wp-json\/wp\/v2\/comments?post=428"}],"version-history":[{"count":1,"href":"https:\/\/www.djurskyddet.se\/levandebevis\/wp-json\/wp\/v2\/posts\/428\/revisions"}],"predecessor-version":[{"id":429,"href":"https:\/\/www.djurskyddet.se\/levandebevis\/wp-json\/wp\/v2\/posts\/428\/revisions\/429"}],"wp:featuredmedia":[{"embeddable":true,"href":"https:\/\/www.djurskyddet.se\/levandebevis\/wp-json\/wp\/v2\/media\/430"}],"wp:attachment":[{"href":"https:\/\/www.djurskyddet.se\/levandebevis\/wp-json\/wp\/v2\/media?parent=428"}],"wp:term":[{"taxonomy":"category","embeddable":true,"href":"https:\/\/www.djurskyddet.se\/levandebevis\/wp-json\/wp\/v2\/categories?post=428"},{"taxonomy":"post_tag","embeddable":true,"href":"https:\/\/www.djurskyddet.se\/levandebevis\/wp-json\/wp\/v2\/tags?post=428"}],"curies":[{"name":"wp","href":"https:\/\/api.w.org\/{rel}","templated":true}]}}