{"id":7893,"date":"2025-01-29T10:12:38","date_gmt":"2025-01-29T09:12:38","guid":{"rendered":"https:\/\/www.djurskyddet.se\/levandebevis\/?p=7893"},"modified":"2025-01-29T10:12:40","modified_gmt":"2025-01-29T09:12:40","slug":"jaffa-2","status":"publish","type":"post","link":"https:\/\/www.djurskyddet.se\/levandebevis\/2025\/01\/29\/jaffa-2\/","title":{"rendered":"Jaffa"},"content":{"rendered":"<p>Jag har haft 2 hundar som varit skottr\u00e4dda, vilket inneburit en stor stress och \u00e5ngest, b\u00e5de f\u00f6r dem och mig, redan fr\u00e5n f\u00f6rsta sm\u00e4llaren och sedan ofta under hela januari, d\u00e5 de fortfarande varit oerh\u00f6\u00e4rt k\u00e4nsliga f\u00f6r alla ljud som p\u00e5mint om sm\u00e4llare och fyrverkeriet. hyperventilering, panik och att g\u00f6mma sig under allt de kan f\u00f6r att hitta en trygghet. stressen p\u00e5verkade ocks\u00e5 matlust, ett stressat djur \u00e4ter inte normalt och s\u00e5 st\u00f6rs matsm\u00e4ltningen av det och s\u00e5 blir det en rundg\u00e5ng, om man inte \u00e4r medveten om det.<br \/>\n Det jag vill dela med mig av \u00e4r min fina h\u00e4st, som jag blev tvungen att n\u00f6dslakta pg av  en skada i korset, som blev n\u00e4r hon i panik flydde genom staket.<br \/>\nJag hade pratat med grannen om att v\u00e4nta att sm\u00e4lla tills jag tagit in h\u00e4starna, den kv\u00e4llen och jag skulle ta in dem tidigare just f\u00f6r att det var ny\u00e5rsafton.<br \/>\nMen han valde \u00e4nd\u00e5 att dra iv\u00e4g et par sm\u00e4llare och h\u00e4starna drog igenom staketen och det var bara att g\u00e5 iv\u00e4g med ficklampa och f\u00f6rs\u00f6ka f\u00e5 in dem. Jag s\u00e5g att min h\u00e4st hade g\u00e5tt omkull, hon var lerig p\u00e5 sidan men s\u00e5g inga tecken p\u00e5 fysiska skador f\u00f6r\u00f6vrigt. N\u00e5gra dagar efter l\u00e5g hon i boxen och kunde inte resa sig upp, och det syntes att hon hade k\u00e4mpat f\u00f6r hon var utmattad. Vi f\u00f6rs\u00f6kte p\u00e5 alla s\u00e4tt att f\u00e5 upp henne men det var som att det hade l\u00e5st sig och hon hade ingen ork.<br \/>\nS\u00e5, den morgonen fick jag ta beslut att l\u00e5ta henne g\u00e5 vidare, tidigare \u00e4n jag var f\u00f6rberedd p\u00e5, och det var ett stort trauma f\u00f6r oss alla , snabba beslut. Levande p\u00e5 kv\u00e4llen och dagen efter skulle hon inte f\u00e5 leva mer.<br \/>\nOch sedan dess s\u00e5 kan jag inte k\u00e4nna gl\u00e4dje inf\u00f6r ny\u00e5r, och kan fortfarande f\u00e5 \u00e5ngest n\u00e4r jag h\u00f6r och ser alla djur som lider , s\u00e5 \u00e4ven m\u00e4nniskor lider, och jag hoppas verkligen att det f\u00f6rbjuds eftersom m\u00e4nnsikor fortfarande och f\u00f6rmodligen aldrig kan l\u00e4ra sig anv\u00e4nda detta p\u00e5 ett klokt s\u00e4tt.<\/p>\n<p><\/p>","protected":false},"excerpt":{"rendered":"<p>Jag har haft 2 hundar som varit skottr\u00e4dda, vilket inneburit en stor stress och \u00e5ngest, b\u00e5de f\u00f6r dem och mig, redan fr\u00e5n f\u00f6rsta sm\u00e4llaren och sedan ofta under hela januari, d\u00e5 de fortfarande varit oerh\u00f6\u00e4rt k\u00e4nsliga f\u00f6r alla ljud som p\u00e5mint om sm\u00e4llare och fyrverkeriet. hyperventilering, panik och att g\u00f6mma sig under allt de kan [&hellip;]<\/p>\n","protected":false},"author":2,"featured_media":7895,"comment_status":"open","ping_status":"open","sticky":false,"template":"","format":"standard","meta":{"_acf_changed":false,"footnotes":""},"categories":[1],"tags":[],"class_list":["post-7893","post","type-post","status-publish","format-standard","has-post-thumbnail","hentry","category-alla-levande-bevis"],"acf":[],"_links":{"self":[{"href":"https:\/\/www.djurskyddet.se\/levandebevis\/wp-json\/wp\/v2\/posts\/7893","targetHints":{"allow":["GET"]}}],"collection":[{"href":"https:\/\/www.djurskyddet.se\/levandebevis\/wp-json\/wp\/v2\/posts"}],"about":[{"href":"https:\/\/www.djurskyddet.se\/levandebevis\/wp-json\/wp\/v2\/types\/post"}],"author":[{"embeddable":true,"href":"https:\/\/www.djurskyddet.se\/levandebevis\/wp-json\/wp\/v2\/users\/2"}],"replies":[{"embeddable":true,"href":"https:\/\/www.djurskyddet.se\/levandebevis\/wp-json\/wp\/v2\/comments?post=7893"}],"version-history":[{"count":1,"href":"https:\/\/www.djurskyddet.se\/levandebevis\/wp-json\/wp\/v2\/posts\/7893\/revisions"}],"predecessor-version":[{"id":7894,"href":"https:\/\/www.djurskyddet.se\/levandebevis\/wp-json\/wp\/v2\/posts\/7893\/revisions\/7894"}],"wp:featuredmedia":[{"embeddable":true,"href":"https:\/\/www.djurskyddet.se\/levandebevis\/wp-json\/wp\/v2\/media\/7895"}],"wp:attachment":[{"href":"https:\/\/www.djurskyddet.se\/levandebevis\/wp-json\/wp\/v2\/media?parent=7893"}],"wp:term":[{"taxonomy":"category","embeddable":true,"href":"https:\/\/www.djurskyddet.se\/levandebevis\/wp-json\/wp\/v2\/categories?post=7893"},{"taxonomy":"post_tag","embeddable":true,"href":"https:\/\/www.djurskyddet.se\/levandebevis\/wp-json\/wp\/v2\/tags?post=7893"}],"curies":[{"name":"wp","href":"https:\/\/api.w.org\/{rel}","templated":true}]}}