{"id":905,"date":"2024-12-09T19:58:34","date_gmt":"2024-12-09T18:58:34","guid":{"rendered":"https:\/\/www.djurskyddet.se\/levandebevis\/?p=905"},"modified":"2024-12-09T19:58:35","modified_gmt":"2024-12-09T18:58:35","slug":"gylla","status":"publish","type":"post","link":"https:\/\/www.djurskyddet.se\/levandebevis\/2024\/12\/09\/gylla\/","title":{"rendered":"Gylla"},"content":{"rendered":"<p>Gylla f\u00f6ddes 19 maj 2020 p\u00e5 v\u00e5r lilla g\u00e5rd. Hon \u00e4r en del av v\u00e5r familj och lever livet som g\u00e5rdsh\u00e4st. Hon lever med v\u00e5ra tre andra h\u00e4star i flock p\u00e5 l\u00f6sdrift. N\u00e4r fyrverkerierna sm\u00e4ller i fj\u00e4rran blir hon orolig. Flocken h\u00f6jer huvudena mot skyn. Spanar. Fnyser. \u00c4ter av h\u00f6et och s\u00f6ker efter mor\u00f6tter som matte st\u00e5r och kastar ut. Matte nynnar och lugnar. Sv\u00e4r inombords n\u00e4r n\u00e5gon i sommarstugeomr\u00e5det l\u00e4ngre bort sm\u00e4ller av en l\u00e5da raketer. Matte ser framf\u00f6r sig hur h\u00e4starna halkar p\u00e5 isen eller leran. G\u00e5r igenom staketet. Matte ser r\u00e4dslan i deras blickar. K\u00e4nner den i sin kropp. Det vibrerar av sp\u00e4nning i luften. S\u00e5 \u00e4r l\u00e5dan i sommarstugeomr\u00e5det slut. Paniken bryter inte ut. Stressniv\u00e5n \u00e4r \u00e4nnu h\u00f6g, men den har inte slagit i taket. T\u00e4nker \u201dn\u00e4sta \u00e5r ska jag skicka ut mitt Sn\u00e4lla-skjut inte raketer brev\u201d till de i sommarstugeomr\u00e5det ocks\u00e5. <\/p>\n<p>Efter\u00e5t andas vi ut. Dr\u00e5sar tr\u00f6tta ihop och \u00e4ter upp de sista mor\u00f6tterna. H\u00f6 finns s\u00e5 det r\u00e4cker hela natten. H\u00e4ller upp champagnen och s\u00e4ger med svagt darrande r\u00f6st \u201dSk\u00e5l \u00e4lskade familj! Vi \u00f6verlevde den h\u00e4r ny\u00e5rsnatten ocks\u00e5. Jag \u00e4lskar er.\u201d<\/p>\n<p><\/p>","protected":false},"excerpt":{"rendered":"<p>Gylla f\u00f6ddes 19 maj 2020 p\u00e5 v\u00e5r lilla g\u00e5rd. Hon \u00e4r en del av v\u00e5r familj och lever livet som g\u00e5rdsh\u00e4st. Hon lever med v\u00e5ra tre andra h\u00e4star i flock p\u00e5 l\u00f6sdrift. N\u00e4r fyrverkerierna sm\u00e4ller i fj\u00e4rran blir hon orolig. Flocken h\u00f6jer huvudena mot skyn. Spanar. Fnyser. \u00c4ter av h\u00f6et och s\u00f6ker efter mor\u00f6tter som [&hellip;]<\/p>\n","protected":false},"author":2,"featured_media":907,"comment_status":"open","ping_status":"open","sticky":false,"template":"","format":"standard","meta":{"_acf_changed":false,"footnotes":""},"categories":[1],"tags":[],"class_list":["post-905","post","type-post","status-publish","format-standard","has-post-thumbnail","hentry","category-alla-levande-bevis"],"acf":[],"_links":{"self":[{"href":"https:\/\/www.djurskyddet.se\/levandebevis\/wp-json\/wp\/v2\/posts\/905","targetHints":{"allow":["GET"]}}],"collection":[{"href":"https:\/\/www.djurskyddet.se\/levandebevis\/wp-json\/wp\/v2\/posts"}],"about":[{"href":"https:\/\/www.djurskyddet.se\/levandebevis\/wp-json\/wp\/v2\/types\/post"}],"author":[{"embeddable":true,"href":"https:\/\/www.djurskyddet.se\/levandebevis\/wp-json\/wp\/v2\/users\/2"}],"replies":[{"embeddable":true,"href":"https:\/\/www.djurskyddet.se\/levandebevis\/wp-json\/wp\/v2\/comments?post=905"}],"version-history":[{"count":1,"href":"https:\/\/www.djurskyddet.se\/levandebevis\/wp-json\/wp\/v2\/posts\/905\/revisions"}],"predecessor-version":[{"id":906,"href":"https:\/\/www.djurskyddet.se\/levandebevis\/wp-json\/wp\/v2\/posts\/905\/revisions\/906"}],"wp:featuredmedia":[{"embeddable":true,"href":"https:\/\/www.djurskyddet.se\/levandebevis\/wp-json\/wp\/v2\/media\/907"}],"wp:attachment":[{"href":"https:\/\/www.djurskyddet.se\/levandebevis\/wp-json\/wp\/v2\/media?parent=905"}],"wp:term":[{"taxonomy":"category","embeddable":true,"href":"https:\/\/www.djurskyddet.se\/levandebevis\/wp-json\/wp\/v2\/categories?post=905"},{"taxonomy":"post_tag","embeddable":true,"href":"https:\/\/www.djurskyddet.se\/levandebevis\/wp-json\/wp\/v2\/tags?post=905"}],"curies":[{"name":"wp","href":"https:\/\/api.w.org\/{rel}","templated":true}]}}