{"id":6642,"date":"2025-08-11T12:51:10","date_gmt":"2025-08-11T12:51:10","guid":{"rendered":"https:\/\/www.djurskyddet.se\/saffleamal\/?p=6642"},"modified":"2025-08-29T07:14:38","modified_gmt":"2025-08-29T07:14:38","slug":"minou","status":"publish","type":"post","link":"https:\/\/www.djurskyddet.se\/saffleamal\/omplacerade\/minou\/","title":{"rendered":"Minou"},"content":{"rendered":"\n<p>H\u00e4r har vi en liten grabb som blir klar f\u00f6r adoption efter 29 \/8 d\u00e5 han f\u00e5r sin andra vaccindos. <\/p>\n\n\n\n<p>Han \u00e4r en social och trevlig liten katt som trots sin ringa \u00e5lder var ute p\u00e5 egen hand. \u00c4garen hittades men Minou \u00f6verl\u00e4ts till oss.<\/p>\n\n\n\n<p>D\u00e5 han redan f\u00e5tt flytta vid 2 tillf\u00e4llen innan han kom till oss s\u00e5 s\u00f6ker han en familj som t\u00e4nker fram\u00e5t och vet vad det inneb\u00e4r att skaffa en liten kattunge f\u00f6r han kommer att vara en familjemedlem i m\u00e5nga \u00e5r fram\u00f6ver.<\/p>\n\n\n\n<p><\/p>\n","protected":false},"excerpt":{"rendered":"<p>H\u00e4r har vi en liten grabb som blir klar f\u00f6r adoption efter 29 \/8 d\u00e5 han f\u00e5r sin andra vaccindos. Han \u00e4r en social och trevlig liten katt som trots sin ringa \u00e5lder var ute p\u00e5 egen hand. \u00c4garen hittades men Minou \u00f6verl\u00e4ts till oss. D\u00e5 han redan f\u00e5tt flytta vid 2 tillf\u00e4llen innan han kom till oss s\u00e5 s\u00f6ker han en familj som t\u00e4nker fram\u00e5t och vet vad det&hellip;<\/p>\n<p><a class=\"more-link\" href=\"https:\/\/www.djurskyddet.se\/saffleamal\/omplacerade\/minou\/\" title=\"Continue reading &lsquo;Minou&rsquo;\">L&auml;s mer<span class=\"meta-nav\">&raquo;<\/span><\/a><\/p>\n","protected":false},"author":59,"featured_media":6645,"comment_status":"closed","ping_status":"open","sticky":false,"template":"","format":"standard","meta":{"_acf_changed":false,"footnotes":""},"categories":[25],"tags":[],"class_list":["post-6642","post","type-post","status-publish","format-standard","has-post-thumbnail","hentry","category-omplacerade"],"acf":[],"_links":{"self":[{"href":"https:\/\/www.djurskyddet.se\/saffleamal\/wp-json\/wp\/v2\/posts\/6642","targetHints":{"allow":["GET"]}}],"collection":[{"href":"https:\/\/www.djurskyddet.se\/saffleamal\/wp-json\/wp\/v2\/posts"}],"about":[{"href":"https:\/\/www.djurskyddet.se\/saffleamal\/wp-json\/wp\/v2\/types\/post"}],"author":[{"embeddable":true,"href":"https:\/\/www.djurskyddet.se\/saffleamal\/wp-json\/wp\/v2\/users\/59"}],"replies":[{"embeddable":true,"href":"https:\/\/www.djurskyddet.se\/saffleamal\/wp-json\/wp\/v2\/comments?post=6642"}],"version-history":[{"count":2,"href":"https:\/\/www.djurskyddet.se\/saffleamal\/wp-json\/wp\/v2\/posts\/6642\/revisions"}],"predecessor-version":[{"id":6646,"href":"https:\/\/www.djurskyddet.se\/saffleamal\/wp-json\/wp\/v2\/posts\/6642\/revisions\/6646"}],"wp:featuredmedia":[{"embeddable":true,"href":"https:\/\/www.djurskyddet.se\/saffleamal\/wp-json\/wp\/v2\/media\/6645"}],"wp:attachment":[{"href":"https:\/\/www.djurskyddet.se\/saffleamal\/wp-json\/wp\/v2\/media?parent=6642"}],"wp:term":[{"taxonomy":"category","embeddable":true,"href":"https:\/\/www.djurskyddet.se\/saffleamal\/wp-json\/wp\/v2\/categories?post=6642"},{"taxonomy":"post_tag","embeddable":true,"href":"https:\/\/www.djurskyddet.se\/saffleamal\/wp-json\/wp\/v2\/tags?post=6642"}],"curies":[{"name":"wp","href":"https:\/\/api.w.org\/{rel}","templated":true}]}}