{"id":6667,"date":"2025-08-19T12:15:15","date_gmt":"2025-08-19T12:15:15","guid":{"rendered":"https:\/\/www.djurskyddet.se\/saffleamal\/?p=6667"},"modified":"2026-01-02T11:15:27","modified_gmt":"2026-01-02T11:15:27","slug":"lazze","status":"publish","type":"post","link":"https:\/\/www.djurskyddet.se\/saffleamal\/omplacerade\/lazze\/","title":{"rendered":"Lazze"},"content":{"rendered":"\n<p>Lazze kom tillsammans med Zaffran och Tabby. <\/p>\n\n\n\n<p>Han \u00e4r en otroligt social och tillgiven katt som mer \u00e4n g\u00e4rna tar plats i ditt kn\u00e4<\/p>\n\n\n\n<p>Tyv\u00e4rr har Lazze tandsjukdomen TR och har varit hos tandl\u00e4kare och vi har \u00e5tg\u00e4rdat allt som syntes p\u00e5 r\u00f6ntgen. S\u00e5 just nu har han inga problem men beh\u00f6ver ha regelbunden kontroll p\u00e5 sina t\u00e4nder.  Vi hoppas verkligen att det finns n\u00e5gon som kan \u00f6ppna sitt hem f\u00f6r honom trots hans diagnos. <\/p>\n\n\n\n<p>Lazze \u00e4r kastrerad, vaccinerad och id m\u00e4rkt <\/p>\n\n\n\n<p><\/p>\n\n\n\n<p><\/p>\n","protected":false},"excerpt":{"rendered":"<p>Lazze kom tillsammans med Zaffran och Tabby. Han \u00e4r en otroligt social och tillgiven katt som mer \u00e4n g\u00e4rna tar plats i ditt kn\u00e4 Tyv\u00e4rr har Lazze tandsjukdomen TR och har varit hos tandl\u00e4kare och vi har \u00e5tg\u00e4rdat allt som syntes p\u00e5 r\u00f6ntgen. S\u00e5 just nu har han inga problem men beh\u00f6ver ha regelbunden kontroll p\u00e5 sina t\u00e4nder. Vi hoppas verkligen att det finns n\u00e5gon som kan \u00f6ppna sitt hem&hellip;<\/p>\n<p><a class=\"more-link\" href=\"https:\/\/www.djurskyddet.se\/saffleamal\/omplacerade\/lazze\/\" title=\"Continue reading &lsquo;Lazze&rsquo;\">L&auml;s mer<span class=\"meta-nav\">&raquo;<\/span><\/a><\/p>\n","protected":false},"author":59,"featured_media":6914,"comment_status":"closed","ping_status":"open","sticky":false,"template":"","format":"standard","meta":{"_acf_changed":false,"footnotes":""},"categories":[25],"tags":[],"class_list":["post-6667","post","type-post","status-publish","format-standard","has-post-thumbnail","hentry","category-omplacerade"],"acf":[],"_links":{"self":[{"href":"https:\/\/www.djurskyddet.se\/saffleamal\/wp-json\/wp\/v2\/posts\/6667","targetHints":{"allow":["GET"]}}],"collection":[{"href":"https:\/\/www.djurskyddet.se\/saffleamal\/wp-json\/wp\/v2\/posts"}],"about":[{"href":"https:\/\/www.djurskyddet.se\/saffleamal\/wp-json\/wp\/v2\/types\/post"}],"author":[{"embeddable":true,"href":"https:\/\/www.djurskyddet.se\/saffleamal\/wp-json\/wp\/v2\/users\/59"}],"replies":[{"embeddable":true,"href":"https:\/\/www.djurskyddet.se\/saffleamal\/wp-json\/wp\/v2\/comments?post=6667"}],"version-history":[{"count":4,"href":"https:\/\/www.djurskyddet.se\/saffleamal\/wp-json\/wp\/v2\/posts\/6667\/revisions"}],"predecessor-version":[{"id":6994,"href":"https:\/\/www.djurskyddet.se\/saffleamal\/wp-json\/wp\/v2\/posts\/6667\/revisions\/6994"}],"wp:featuredmedia":[{"embeddable":true,"href":"https:\/\/www.djurskyddet.se\/saffleamal\/wp-json\/wp\/v2\/media\/6914"}],"wp:attachment":[{"href":"https:\/\/www.djurskyddet.se\/saffleamal\/wp-json\/wp\/v2\/media?parent=6667"}],"wp:term":[{"taxonomy":"category","embeddable":true,"href":"https:\/\/www.djurskyddet.se\/saffleamal\/wp-json\/wp\/v2\/categories?post=6667"},{"taxonomy":"post_tag","embeddable":true,"href":"https:\/\/www.djurskyddet.se\/saffleamal\/wp-json\/wp\/v2\/tags?post=6667"}],"curies":[{"name":"wp","href":"https:\/\/api.w.org\/{rel}","templated":true}]}}