{"id":6759,"date":"2025-09-19T09:38:27","date_gmt":"2025-09-19T09:38:27","guid":{"rendered":"https:\/\/www.djurskyddet.se\/saffleamal\/?p=6759"},"modified":"2025-09-27T14:10:27","modified_gmt":"2025-09-27T14:10:27","slug":"piff","status":"publish","type":"post","link":"https:\/\/www.djurskyddet.se\/saffleamal\/omplacerade\/piff\/","title":{"rendered":"Piff"},"content":{"rendered":"\n<p>H\u00e4r har vi en h\u00e4rlig grabb som nog egentligen har en vacker l\u00e5ng svart p\u00e4ls som nu \u00e4r avrakad pga ov\u00e5rdad p\u00e4ls med massa tovor.<\/p>\n\n\n\n<p>Piff \u00e4r en mycket s\u00e4llskaplig och k\u00e4rleksfull katt som vill alla v\u00e4l. Hans nya familj ska ha tid f\u00f6r, och tycka om p\u00e4lsv\u00e5rd. <\/p>\n\n\n\n<p>Han \u00e4r kastrerad, id m\u00e4rkt och v\u00e4ntar en vaccinspruta till innan han \u00e4r redo f\u00f6r adoption. <\/p>\n\n\n\n<p><\/p>\n","protected":false},"excerpt":{"rendered":"<p>H\u00e4r har vi en h\u00e4rlig grabb som nog egentligen har en vacker l\u00e5ng svart p\u00e4ls som nu \u00e4r avrakad pga ov\u00e5rdad p\u00e4ls med massa tovor. Piff \u00e4r en mycket s\u00e4llskaplig och k\u00e4rleksfull katt som vill alla v\u00e4l. Hans nya familj ska ha tid f\u00f6r, och tycka om p\u00e4lsv\u00e5rd. Han \u00e4r kastrerad, id m\u00e4rkt och v\u00e4ntar en vaccinspruta till innan han \u00e4r redo f\u00f6r adoption.<\/p>\n","protected":false},"author":59,"featured_media":6760,"comment_status":"closed","ping_status":"open","sticky":false,"template":"","format":"standard","meta":{"_acf_changed":false,"footnotes":""},"categories":[25],"tags":[],"class_list":["post-6759","post","type-post","status-publish","format-standard","has-post-thumbnail","hentry","category-omplacerade"],"acf":[],"_links":{"self":[{"href":"https:\/\/www.djurskyddet.se\/saffleamal\/wp-json\/wp\/v2\/posts\/6759","targetHints":{"allow":["GET"]}}],"collection":[{"href":"https:\/\/www.djurskyddet.se\/saffleamal\/wp-json\/wp\/v2\/posts"}],"about":[{"href":"https:\/\/www.djurskyddet.se\/saffleamal\/wp-json\/wp\/v2\/types\/post"}],"author":[{"embeddable":true,"href":"https:\/\/www.djurskyddet.se\/saffleamal\/wp-json\/wp\/v2\/users\/59"}],"replies":[{"embeddable":true,"href":"https:\/\/www.djurskyddet.se\/saffleamal\/wp-json\/wp\/v2\/comments?post=6759"}],"version-history":[{"count":2,"href":"https:\/\/www.djurskyddet.se\/saffleamal\/wp-json\/wp\/v2\/posts\/6759\/revisions"}],"predecessor-version":[{"id":6762,"href":"https:\/\/www.djurskyddet.se\/saffleamal\/wp-json\/wp\/v2\/posts\/6759\/revisions\/6762"}],"wp:featuredmedia":[{"embeddable":true,"href":"https:\/\/www.djurskyddet.se\/saffleamal\/wp-json\/wp\/v2\/media\/6760"}],"wp:attachment":[{"href":"https:\/\/www.djurskyddet.se\/saffleamal\/wp-json\/wp\/v2\/media?parent=6759"}],"wp:term":[{"taxonomy":"category","embeddable":true,"href":"https:\/\/www.djurskyddet.se\/saffleamal\/wp-json\/wp\/v2\/categories?post=6759"},{"taxonomy":"post_tag","embeddable":true,"href":"https:\/\/www.djurskyddet.se\/saffleamal\/wp-json\/wp\/v2\/tags?post=6759"}],"curies":[{"name":"wp","href":"https:\/\/api.w.org\/{rel}","templated":true}]}}