{"id":6769,"date":"2025-09-25T13:27:29","date_gmt":"2025-09-25T13:27:29","guid":{"rendered":"https:\/\/www.djurskyddet.se\/saffleamal\/?p=6769"},"modified":"2025-10-16T06:32:41","modified_gmt":"2025-10-16T06:32:41","slug":"pelle","status":"publish","type":"post","link":"https:\/\/www.djurskyddet.se\/saffleamal\/omplacerade\/pelle\/","title":{"rendered":"Pelle"},"content":{"rendered":"\n<p>Pelle kom in tillsammans med sin bror Plutten och \u00e4r s\u00f6ner till Petra eller Polly.<\/p>\n\n\n\n<p>De \u00e4r f\u00f6dda ca 1\/5 -25 och har saknat en del n\u00e4rhet och k\u00e4rlek d\u00e5 de vistats i en grupp katter. <\/p>\n\n\n\n<p>De g\u00f6r fina framsteg hos oss och har b\u00f6rjat att leka. <\/p>\n\n\n\n<p>Uppdatering kommer<\/p>\n\n\n\n<p>Pelle \u00e4r kastrerad, vaccinerad och idm\u00e4rkt och redo att s\u00f6ka sitt nya hem och kan flytta efter 10\/10 -25<\/p>\n\n\n\n<p><\/p>\n","protected":false},"excerpt":{"rendered":"<p>Pelle kom in tillsammans med sin bror Plutten och \u00e4r s\u00f6ner till Petra eller Polly. De \u00e4r f\u00f6dda ca 1\/5 -25 och har saknat en del n\u00e4rhet och k\u00e4rlek d\u00e5 de vistats i en grupp katter. De g\u00f6r fina framsteg hos oss och har b\u00f6rjat att leka. Uppdatering kommer Pelle \u00e4r kastrerad, vaccinerad och idm\u00e4rkt och redo att s\u00f6ka sitt nya hem och kan flytta efter 10\/10 -25<\/p>\n","protected":false},"author":59,"featured_media":6770,"comment_status":"closed","ping_status":"open","sticky":false,"template":"","format":"standard","meta":{"_acf_changed":false,"footnotes":""},"categories":[25],"tags":[],"class_list":["post-6769","post","type-post","status-publish","format-standard","has-post-thumbnail","hentry","category-omplacerade"],"acf":[],"_links":{"self":[{"href":"https:\/\/www.djurskyddet.se\/saffleamal\/wp-json\/wp\/v2\/posts\/6769","targetHints":{"allow":["GET"]}}],"collection":[{"href":"https:\/\/www.djurskyddet.se\/saffleamal\/wp-json\/wp\/v2\/posts"}],"about":[{"href":"https:\/\/www.djurskyddet.se\/saffleamal\/wp-json\/wp\/v2\/types\/post"}],"author":[{"embeddable":true,"href":"https:\/\/www.djurskyddet.se\/saffleamal\/wp-json\/wp\/v2\/users\/59"}],"replies":[{"embeddable":true,"href":"https:\/\/www.djurskyddet.se\/saffleamal\/wp-json\/wp\/v2\/comments?post=6769"}],"version-history":[{"count":2,"href":"https:\/\/www.djurskyddet.se\/saffleamal\/wp-json\/wp\/v2\/posts\/6769\/revisions"}],"predecessor-version":[{"id":6773,"href":"https:\/\/www.djurskyddet.se\/saffleamal\/wp-json\/wp\/v2\/posts\/6769\/revisions\/6773"}],"wp:featuredmedia":[{"embeddable":true,"href":"https:\/\/www.djurskyddet.se\/saffleamal\/wp-json\/wp\/v2\/media\/6770"}],"wp:attachment":[{"href":"https:\/\/www.djurskyddet.se\/saffleamal\/wp-json\/wp\/v2\/media?parent=6769"}],"wp:term":[{"taxonomy":"category","embeddable":true,"href":"https:\/\/www.djurskyddet.se\/saffleamal\/wp-json\/wp\/v2\/categories?post=6769"},{"taxonomy":"post_tag","embeddable":true,"href":"https:\/\/www.djurskyddet.se\/saffleamal\/wp-json\/wp\/v2\/tags?post=6769"}],"curies":[{"name":"wp","href":"https:\/\/api.w.org\/{rel}","templated":true}]}}