{"id":6783,"date":"2025-10-02T09:10:09","date_gmt":"2025-10-02T09:10:09","guid":{"rendered":"https:\/\/www.djurskyddet.se\/saffleamal\/?p=6783"},"modified":"2025-11-03T07:56:36","modified_gmt":"2025-11-03T07:56:36","slug":"petra","status":"publish","type":"post","link":"https:\/\/www.djurskyddet.se\/saffleamal\/omplacerade\/petra\/","title":{"rendered":"Petra"},"content":{"rendered":"\n<p>Petra \u00e4r en mjuk och sn\u00e4ll tjej p\u00e5 ca 2 \u00e5r som n\u00e4r hon l\u00e4rt k\u00e4nna dig g\u00e4rna l\u00e5ter sig sitta i din famn och luta sig mot din axel. <\/p>\n\n\n\n<p>Hon kan nog trivas med ett liv som b\u00e5de ren innekatt eller g\u00e5 ut och in som hon vill. <\/p>\n\n\n\n<p>Petra \u00e4r kastrerad, vaccinerad, id- m\u00e4rkt och redo f\u00f6r adoption<\/p>\n\n\n\n<p><\/p>\n","protected":false},"excerpt":{"rendered":"<p>Petra \u00e4r en mjuk och sn\u00e4ll tjej p\u00e5 ca 2 \u00e5r som n\u00e4r hon l\u00e4rt k\u00e4nna dig g\u00e4rna l\u00e5ter sig sitta i din famn och luta sig mot din axel. Hon kan nog trivas med ett liv som b\u00e5de ren innekatt eller g\u00e5 ut och in som hon vill. Petra \u00e4r kastrerad, vaccinerad, id- m\u00e4rkt och redo f\u00f6r adoption<\/p>\n","protected":false},"author":59,"featured_media":6784,"comment_status":"closed","ping_status":"open","sticky":false,"template":"","format":"standard","meta":{"_acf_changed":false,"footnotes":""},"categories":[25],"tags":[],"class_list":["post-6783","post","type-post","status-publish","format-standard","has-post-thumbnail","hentry","category-omplacerade"],"acf":[],"_links":{"self":[{"href":"https:\/\/www.djurskyddet.se\/saffleamal\/wp-json\/wp\/v2\/posts\/6783","targetHints":{"allow":["GET"]}}],"collection":[{"href":"https:\/\/www.djurskyddet.se\/saffleamal\/wp-json\/wp\/v2\/posts"}],"about":[{"href":"https:\/\/www.djurskyddet.se\/saffleamal\/wp-json\/wp\/v2\/types\/post"}],"author":[{"embeddable":true,"href":"https:\/\/www.djurskyddet.se\/saffleamal\/wp-json\/wp\/v2\/users\/59"}],"replies":[{"embeddable":true,"href":"https:\/\/www.djurskyddet.se\/saffleamal\/wp-json\/wp\/v2\/comments?post=6783"}],"version-history":[{"count":2,"href":"https:\/\/www.djurskyddet.se\/saffleamal\/wp-json\/wp\/v2\/posts\/6783\/revisions"}],"predecessor-version":[{"id":6839,"href":"https:\/\/www.djurskyddet.se\/saffleamal\/wp-json\/wp\/v2\/posts\/6783\/revisions\/6839"}],"wp:featuredmedia":[{"embeddable":true,"href":"https:\/\/www.djurskyddet.se\/saffleamal\/wp-json\/wp\/v2\/media\/6784"}],"wp:attachment":[{"href":"https:\/\/www.djurskyddet.se\/saffleamal\/wp-json\/wp\/v2\/media?parent=6783"}],"wp:term":[{"taxonomy":"category","embeddable":true,"href":"https:\/\/www.djurskyddet.se\/saffleamal\/wp-json\/wp\/v2\/categories?post=6783"},{"taxonomy":"post_tag","embeddable":true,"href":"https:\/\/www.djurskyddet.se\/saffleamal\/wp-json\/wp\/v2\/tags?post=6783"}],"curies":[{"name":"wp","href":"https:\/\/api.w.org\/{rel}","templated":true}]}}