{"id":6792,"date":"2025-10-02T09:38:15","date_gmt":"2025-10-02T09:38:15","guid":{"rendered":"https:\/\/www.djurskyddet.se\/saffleamal\/?p=6792"},"modified":"2025-10-31T09:21:15","modified_gmt":"2025-10-31T09:21:15","slug":"kurre","status":"publish","type":"post","link":"https:\/\/www.djurskyddet.se\/saffleamal\/omplacerade\/kurre\/","title":{"rendered":"Kurre"},"content":{"rendered":"\n<p>Kurre \u00e4r en grabb som h\u00e5ller p\u00e5 att tina upp och vil mer \u00e4n bad han v\u00e5gar just nu.<\/p>\n\n\n\n<p>I b\u00f6rjan fr\u00e4ste han h\u00f6gt s\u00e5 fort vi n\u00e4rmade oss hans bur i karant\u00e4n. Men efter lugnt prat och godis s\u00e5 lugnade han sig. Nu bor han i v\u00e5rt mindre kattrum och granne med vad vi tror kan vara hans s\u00f6ner Pelle och Plutten. <\/p>\n\n\n\n<p>Han visar sig nyfiken och str\u00e4cker sig mot godis i v\u00e5ra h\u00e4nder men v\u00e5gar inte riktigt hela v\u00e4gen fram men vi jobbar vidare med att vinna hans f\u00f6rtroende. <\/p>\n\n\n\n<p>Eftersom han har varit en katt som vandrat l\u00e5nga str\u00e4ckor fr\u00e5n sitt hem s\u00e5 ser vi g\u00e4rna att han blir innekatt alternativt att han \u00e4r inomhus en l\u00e5ng period innan han f\u00e5r g\u00e5 ut s\u00e5 inte hans instinkt f\u00f6r att vandra f\u00f6ds igen. <\/p>\n\n\n\n<p>Kurre \u00e4r kastrerad, vaccinerad, id m\u00e4rkt och dyker det r\u00e4tta hemmet upp s\u00e5 \u00e4r han redo <\/p>\n","protected":false},"excerpt":{"rendered":"<p>Kurre \u00e4r en grabb som h\u00e5ller p\u00e5 att tina upp och vil mer \u00e4n bad han v\u00e5gar just nu. I b\u00f6rjan fr\u00e4ste han h\u00f6gt s\u00e5 fort vi n\u00e4rmade oss hans bur i karant\u00e4n. Men efter lugnt prat och godis s\u00e5 lugnade han sig. Nu bor han i v\u00e5rt mindre kattrum och granne med vad vi tror kan vara hans s\u00f6ner Pelle och Plutten. Han visar sig nyfiken och str\u00e4cker sig&hellip;<\/p>\n<p><a class=\"more-link\" href=\"https:\/\/www.djurskyddet.se\/saffleamal\/omplacerade\/kurre\/\" title=\"Continue reading &lsquo;Kurre&rsquo;\">L&auml;s mer<span class=\"meta-nav\">&raquo;<\/span><\/a><\/p>\n","protected":false},"author":59,"featured_media":6801,"comment_status":"closed","ping_status":"open","sticky":false,"template":"","format":"standard","meta":{"_acf_changed":false,"footnotes":""},"categories":[25],"tags":[],"class_list":["post-6792","post","type-post","status-publish","format-standard","has-post-thumbnail","hentry","category-omplacerade"],"acf":[],"_links":{"self":[{"href":"https:\/\/www.djurskyddet.se\/saffleamal\/wp-json\/wp\/v2\/posts\/6792","targetHints":{"allow":["GET"]}}],"collection":[{"href":"https:\/\/www.djurskyddet.se\/saffleamal\/wp-json\/wp\/v2\/posts"}],"about":[{"href":"https:\/\/www.djurskyddet.se\/saffleamal\/wp-json\/wp\/v2\/types\/post"}],"author":[{"embeddable":true,"href":"https:\/\/www.djurskyddet.se\/saffleamal\/wp-json\/wp\/v2\/users\/59"}],"replies":[{"embeddable":true,"href":"https:\/\/www.djurskyddet.se\/saffleamal\/wp-json\/wp\/v2\/comments?post=6792"}],"version-history":[{"count":1,"href":"https:\/\/www.djurskyddet.se\/saffleamal\/wp-json\/wp\/v2\/posts\/6792\/revisions"}],"predecessor-version":[{"id":6794,"href":"https:\/\/www.djurskyddet.se\/saffleamal\/wp-json\/wp\/v2\/posts\/6792\/revisions\/6794"}],"wp:featuredmedia":[{"embeddable":true,"href":"https:\/\/www.djurskyddet.se\/saffleamal\/wp-json\/wp\/v2\/media\/6801"}],"wp:attachment":[{"href":"https:\/\/www.djurskyddet.se\/saffleamal\/wp-json\/wp\/v2\/media?parent=6792"}],"wp:term":[{"taxonomy":"category","embeddable":true,"href":"https:\/\/www.djurskyddet.se\/saffleamal\/wp-json\/wp\/v2\/categories?post=6792"},{"taxonomy":"post_tag","embeddable":true,"href":"https:\/\/www.djurskyddet.se\/saffleamal\/wp-json\/wp\/v2\/tags?post=6792"}],"curies":[{"name":"wp","href":"https:\/\/api.w.org\/{rel}","templated":true}]}}