{"id":6808,"date":"2025-10-14T13:49:21","date_gmt":"2025-10-14T13:49:21","guid":{"rendered":"https:\/\/www.djurskyddet.se\/saffleamal\/?p=6808"},"modified":"2025-11-27T08:23:55","modified_gmt":"2025-11-27T08:23:55","slug":"lisa-2","status":"publish","type":"post","link":"https:\/\/www.djurskyddet.se\/saffleamal\/omplacerade\/lisa-2\/","title":{"rendered":"Lisa"},"content":{"rendered":"\n<p>Lisa \u00e4r en lite reserverad tjej som v\u00e4ntar att hennes ungar ska flytta och att hon sj\u00e4lv f\u00e5r chansen till ett nytt liv. <\/p>\n\n\n\n<p>Lisa \u00e4r en v\u00e4ldigt sn\u00e4ll katt och n\u00e4r hon v\u00e4l k\u00e4nner att hon kan lita p\u00e5 sin m\u00e4nniska s\u00e5 g\u00e5r hon att klappa och gillar att mysa. G\u00e5r att b\u00e4ra men inget hon till\u00e5ter med gl\u00e4dje \u00e4n s\u00e5 l\u00e4nge. <\/p>\n\n\n\n<p><\/p>\n\n\n\n<p>Lisa \u00e4r klar f\u00f6r adoption efter 17\/10 d\u00e5 hon kastreras. <\/p>\n","protected":false},"excerpt":{"rendered":"<p>Lisa \u00e4r en lite reserverad tjej som v\u00e4ntar att hennes ungar ska flytta och att hon sj\u00e4lv f\u00e5r chansen till ett nytt liv. Lisa \u00e4r en v\u00e4ldigt sn\u00e4ll katt och n\u00e4r hon v\u00e4l k\u00e4nner att hon kan lita p\u00e5 sin m\u00e4nniska s\u00e5 g\u00e5r hon att klappa och gillar att mysa. G\u00e5r att b\u00e4ra men inget hon till\u00e5ter med gl\u00e4dje \u00e4n s\u00e5 l\u00e4nge. Lisa \u00e4r klar f\u00f6r adoption efter 17\/10 d\u00e5&hellip;<\/p>\n<p><a class=\"more-link\" href=\"https:\/\/www.djurskyddet.se\/saffleamal\/omplacerade\/lisa-2\/\" title=\"Continue reading &lsquo;Lisa&rsquo;\">L&auml;s mer<span class=\"meta-nav\">&raquo;<\/span><\/a><\/p>\n","protected":false},"author":59,"featured_media":6809,"comment_status":"closed","ping_status":"open","sticky":false,"template":"","format":"standard","meta":{"_acf_changed":false,"footnotes":""},"categories":[25],"tags":[],"class_list":["post-6808","post","type-post","status-publish","format-standard","has-post-thumbnail","hentry","category-omplacerade"],"acf":[],"_links":{"self":[{"href":"https:\/\/www.djurskyddet.se\/saffleamal\/wp-json\/wp\/v2\/posts\/6808","targetHints":{"allow":["GET"]}}],"collection":[{"href":"https:\/\/www.djurskyddet.se\/saffleamal\/wp-json\/wp\/v2\/posts"}],"about":[{"href":"https:\/\/www.djurskyddet.se\/saffleamal\/wp-json\/wp\/v2\/types\/post"}],"author":[{"embeddable":true,"href":"https:\/\/www.djurskyddet.se\/saffleamal\/wp-json\/wp\/v2\/users\/59"}],"replies":[{"embeddable":true,"href":"https:\/\/www.djurskyddet.se\/saffleamal\/wp-json\/wp\/v2\/comments?post=6808"}],"version-history":[{"count":2,"href":"https:\/\/www.djurskyddet.se\/saffleamal\/wp-json\/wp\/v2\/posts\/6808\/revisions"}],"predecessor-version":[{"id":6976,"href":"https:\/\/www.djurskyddet.se\/saffleamal\/wp-json\/wp\/v2\/posts\/6808\/revisions\/6976"}],"wp:featuredmedia":[{"embeddable":true,"href":"https:\/\/www.djurskyddet.se\/saffleamal\/wp-json\/wp\/v2\/media\/6809"}],"wp:attachment":[{"href":"https:\/\/www.djurskyddet.se\/saffleamal\/wp-json\/wp\/v2\/media?parent=6808"}],"wp:term":[{"taxonomy":"category","embeddable":true,"href":"https:\/\/www.djurskyddet.se\/saffleamal\/wp-json\/wp\/v2\/categories?post=6808"},{"taxonomy":"post_tag","embeddable":true,"href":"https:\/\/www.djurskyddet.se\/saffleamal\/wp-json\/wp\/v2\/tags?post=6808"}],"curies":[{"name":"wp","href":"https:\/\/api.w.org\/{rel}","templated":true}]}}