{"id":6820,"date":"2025-10-16T06:29:09","date_gmt":"2025-10-16T06:29:09","guid":{"rendered":"https:\/\/www.djurskyddet.se\/saffleamal\/?p=6820"},"modified":"2025-11-11T10:54:38","modified_gmt":"2025-11-11T10:54:38","slug":"luna","status":"publish","type":"post","link":"https:\/\/www.djurskyddet.se\/saffleamal\/omplacerade\/luna\/","title":{"rendered":"Luna"},"content":{"rendered":"\n<p>Luna \u00e4r f\u00f6dd utomhus runt den 26\/5 av sin mamma Lisa d\u00e4r ett par f\u00f6rbarmade sig \u00f6ver dem och s\u00e5 sm\u00e5ningom kontaktade oss.<\/p>\n\n\n\n<p>Luna \u00e4r den i kullen som \u00e4r mest social och kelig. G\u00e5r att b\u00e4ra och somnar g\u00e4rna i ditt kn\u00e4 efter hon f\u00e5tt f\u00f6rtroende f\u00f6r dig. <\/p>\n\n\n\n<p>Luna och hennes syskon \u00e4r redo f\u00f6r adoption efter 6\/11 n\u00e4r de f\u00e5tt sin andra vaccinspruta<\/p>\n\n\n\n<p><\/p>\n","protected":false},"excerpt":{"rendered":"<p>Luna \u00e4r f\u00f6dd utomhus runt den 26\/5 av sin mamma Lisa d\u00e4r ett par f\u00f6rbarmade sig \u00f6ver dem och s\u00e5 sm\u00e5ningom kontaktade oss. Luna \u00e4r den i kullen som \u00e4r mest social och kelig. G\u00e5r att b\u00e4ra och somnar g\u00e4rna i ditt kn\u00e4 efter hon f\u00e5tt f\u00f6rtroende f\u00f6r dig. Luna och hennes syskon \u00e4r redo f\u00f6r adoption efter 6\/11 n\u00e4r de f\u00e5tt sin andra vaccinspruta<\/p>\n","protected":false},"author":59,"featured_media":6821,"comment_status":"closed","ping_status":"open","sticky":false,"template":"","format":"standard","meta":{"_acf_changed":false,"footnotes":""},"categories":[25],"tags":[],"class_list":["post-6820","post","type-post","status-publish","format-standard","has-post-thumbnail","hentry","category-omplacerade"],"acf":[],"_links":{"self":[{"href":"https:\/\/www.djurskyddet.se\/saffleamal\/wp-json\/wp\/v2\/posts\/6820","targetHints":{"allow":["GET"]}}],"collection":[{"href":"https:\/\/www.djurskyddet.se\/saffleamal\/wp-json\/wp\/v2\/posts"}],"about":[{"href":"https:\/\/www.djurskyddet.se\/saffleamal\/wp-json\/wp\/v2\/types\/post"}],"author":[{"embeddable":true,"href":"https:\/\/www.djurskyddet.se\/saffleamal\/wp-json\/wp\/v2\/users\/59"}],"replies":[{"embeddable":true,"href":"https:\/\/www.djurskyddet.se\/saffleamal\/wp-json\/wp\/v2\/comments?post=6820"}],"version-history":[{"count":2,"href":"https:\/\/www.djurskyddet.se\/saffleamal\/wp-json\/wp\/v2\/posts\/6820\/revisions"}],"predecessor-version":[{"id":6876,"href":"https:\/\/www.djurskyddet.se\/saffleamal\/wp-json\/wp\/v2\/posts\/6820\/revisions\/6876"}],"wp:featuredmedia":[{"embeddable":true,"href":"https:\/\/www.djurskyddet.se\/saffleamal\/wp-json\/wp\/v2\/media\/6821"}],"wp:attachment":[{"href":"https:\/\/www.djurskyddet.se\/saffleamal\/wp-json\/wp\/v2\/media?parent=6820"}],"wp:term":[{"taxonomy":"category","embeddable":true,"href":"https:\/\/www.djurskyddet.se\/saffleamal\/wp-json\/wp\/v2\/categories?post=6820"},{"taxonomy":"post_tag","embeddable":true,"href":"https:\/\/www.djurskyddet.se\/saffleamal\/wp-json\/wp\/v2\/tags?post=6820"}],"curies":[{"name":"wp","href":"https:\/\/api.w.org\/{rel}","templated":true}]}}