{"id":6829,"date":"2025-10-22T09:50:45","date_gmt":"2025-10-22T09:50:45","guid":{"rendered":"https:\/\/www.djurskyddet.se\/saffleamal\/?p=6829"},"modified":"2025-11-08T14:03:41","modified_gmt":"2025-11-08T14:03:41","slug":"bull","status":"publish","type":"post","link":"https:\/\/www.djurskyddet.se\/saffleamal\/omplacerade\/bull\/","title":{"rendered":"Bull"},"content":{"rendered":"\n<p>Bull \u00e4r en fram\u00e5t grabb och kommer g\u00e4rna och m\u00f6ter sin jourmatte n\u00e4r hon kommer. Han \u00e4r en st\u00f6ttepelare f\u00f6r sin bror Bill och drar med honom i bus och lek<\/p>\n\n\n\n<p>Han \u00e4r adoptivbarn till Fr\u00f6ken Fr\u00e4ken d\u00e5 han \u00e4r hittad utomhus \u00f6vergiven av sin mamma n\u00e4r han var n\u00e5gra veckor gammal. <\/p>\n\n\n\n<p>Bull \u00e4r redo f\u00f6r adoption efter 6\/11 d\u00e5 han blir 12 veckor gammal och f\u00e5tt sin grundvaccinering och id m\u00e4rkning.<\/p>\n\n\n\n<p><\/p>\n","protected":false},"excerpt":{"rendered":"<p>Bull \u00e4r en fram\u00e5t grabb och kommer g\u00e4rna och m\u00f6ter sin jourmatte n\u00e4r hon kommer. Han \u00e4r en st\u00f6ttepelare f\u00f6r sin bror Bill och drar med honom i bus och lek Han \u00e4r adoptivbarn till Fr\u00f6ken Fr\u00e4ken d\u00e5 han \u00e4r hittad utomhus \u00f6vergiven av sin mamma n\u00e4r han var n\u00e5gra veckor gammal. Bull \u00e4r redo f\u00f6r adoption efter 6\/11 d\u00e5 han blir 12 veckor gammal och f\u00e5tt sin grundvaccinering och&hellip;<\/p>\n<p><a class=\"more-link\" href=\"https:\/\/www.djurskyddet.se\/saffleamal\/omplacerade\/bull\/\" title=\"Continue reading &lsquo;Bull&rsquo;\">L&auml;s mer<span class=\"meta-nav\">&raquo;<\/span><\/a><\/p>\n","protected":false},"author":59,"featured_media":6830,"comment_status":"closed","ping_status":"open","sticky":false,"template":"","format":"standard","meta":{"_acf_changed":false,"footnotes":""},"categories":[25],"tags":[],"class_list":["post-6829","post","type-post","status-publish","format-standard","has-post-thumbnail","hentry","category-omplacerade"],"acf":[],"_links":{"self":[{"href":"https:\/\/www.djurskyddet.se\/saffleamal\/wp-json\/wp\/v2\/posts\/6829","targetHints":{"allow":["GET"]}}],"collection":[{"href":"https:\/\/www.djurskyddet.se\/saffleamal\/wp-json\/wp\/v2\/posts"}],"about":[{"href":"https:\/\/www.djurskyddet.se\/saffleamal\/wp-json\/wp\/v2\/types\/post"}],"author":[{"embeddable":true,"href":"https:\/\/www.djurskyddet.se\/saffleamal\/wp-json\/wp\/v2\/users\/59"}],"replies":[{"embeddable":true,"href":"https:\/\/www.djurskyddet.se\/saffleamal\/wp-json\/wp\/v2\/comments?post=6829"}],"version-history":[{"count":2,"href":"https:\/\/www.djurskyddet.se\/saffleamal\/wp-json\/wp\/v2\/posts\/6829\/revisions"}],"predecessor-version":[{"id":6836,"href":"https:\/\/www.djurskyddet.se\/saffleamal\/wp-json\/wp\/v2\/posts\/6829\/revisions\/6836"}],"wp:featuredmedia":[{"embeddable":true,"href":"https:\/\/www.djurskyddet.se\/saffleamal\/wp-json\/wp\/v2\/media\/6830"}],"wp:attachment":[{"href":"https:\/\/www.djurskyddet.se\/saffleamal\/wp-json\/wp\/v2\/media?parent=6829"}],"wp:term":[{"taxonomy":"category","embeddable":true,"href":"https:\/\/www.djurskyddet.se\/saffleamal\/wp-json\/wp\/v2\/categories?post=6829"},{"taxonomy":"post_tag","embeddable":true,"href":"https:\/\/www.djurskyddet.se\/saffleamal\/wp-json\/wp\/v2\/tags?post=6829"}],"curies":[{"name":"wp","href":"https:\/\/api.w.org\/{rel}","templated":true}]}}