{"id":6832,"date":"2025-10-22T10:05:54","date_gmt":"2025-10-22T10:05:54","guid":{"rendered":"https:\/\/www.djurskyddet.se\/saffleamal\/?p=6832"},"modified":"2025-12-11T14:49:18","modified_gmt":"2025-12-11T14:49:18","slug":"mollan","status":"publish","type":"post","link":"https:\/\/www.djurskyddet.se\/saffleamal\/omplacerade\/mollan\/","title":{"rendered":"Mollan"},"content":{"rendered":"\n<p>H\u00e4r har vi en mysig och mjuk tjej som kom in h\u00f6gdr\u00e4ktig till oss och fick flytta till ett jourhem ganska omg\u00e5ende. D\u00e4r har hon f\u00e5tt 5 underbara ungar som \u00e4r f\u00f6dda 6 september och hela lilla familjen m\u00e5r bra. <\/p>\n\n\n\n<p>Mollan vill ha ett egen hem att flytta till n\u00e4r hennes ungar flyger ur boet i slutet av November. <\/p>\n\n\n\n<p>Hon \u00e4r en okomplicerad katt men \u00e4r v\u00e4rd att ha lite lugn och ro runt sig efter att ha blivit \u00f6vergiven och vi inte vet vad hon varit med om.<\/p>\n\n\n\n<p>Mollan kommer att kastreras efter ungarna har flyttat. <\/p>\n","protected":false},"excerpt":{"rendered":"<p>H\u00e4r har vi en mysig och mjuk tjej som kom in h\u00f6gdr\u00e4ktig till oss och fick flytta till ett jourhem ganska omg\u00e5ende. D\u00e4r har hon f\u00e5tt 5 underbara ungar som \u00e4r f\u00f6dda 6 september och hela lilla familjen m\u00e5r bra. Mollan vill ha ett egen hem att flytta till n\u00e4r hennes ungar flyger ur boet i slutet av November. Hon \u00e4r en okomplicerad katt men \u00e4r v\u00e4rd att ha lite&hellip;<\/p>\n<p><a class=\"more-link\" href=\"https:\/\/www.djurskyddet.se\/saffleamal\/omplacerade\/mollan\/\" title=\"Continue reading &lsquo;Mollan&rsquo;\">L&auml;s mer<span class=\"meta-nav\">&raquo;<\/span><\/a><\/p>\n","protected":false},"author":59,"featured_media":6833,"comment_status":"closed","ping_status":"open","sticky":false,"template":"","format":"standard","meta":{"_acf_changed":false,"footnotes":""},"categories":[25],"tags":[],"class_list":["post-6832","post","type-post","status-publish","format-standard","has-post-thumbnail","hentry","category-omplacerade"],"acf":[],"_links":{"self":[{"href":"https:\/\/www.djurskyddet.se\/saffleamal\/wp-json\/wp\/v2\/posts\/6832","targetHints":{"allow":["GET"]}}],"collection":[{"href":"https:\/\/www.djurskyddet.se\/saffleamal\/wp-json\/wp\/v2\/posts"}],"about":[{"href":"https:\/\/www.djurskyddet.se\/saffleamal\/wp-json\/wp\/v2\/types\/post"}],"author":[{"embeddable":true,"href":"https:\/\/www.djurskyddet.se\/saffleamal\/wp-json\/wp\/v2\/users\/59"}],"replies":[{"embeddable":true,"href":"https:\/\/www.djurskyddet.se\/saffleamal\/wp-json\/wp\/v2\/comments?post=6832"}],"version-history":[{"count":2,"href":"https:\/\/www.djurskyddet.se\/saffleamal\/wp-json\/wp\/v2\/posts\/6832\/revisions"}],"predecessor-version":[{"id":6977,"href":"https:\/\/www.djurskyddet.se\/saffleamal\/wp-json\/wp\/v2\/posts\/6832\/revisions\/6977"}],"wp:featuredmedia":[{"embeddable":true,"href":"https:\/\/www.djurskyddet.se\/saffleamal\/wp-json\/wp\/v2\/media\/6833"}],"wp:attachment":[{"href":"https:\/\/www.djurskyddet.se\/saffleamal\/wp-json\/wp\/v2\/media?parent=6832"}],"wp:term":[{"taxonomy":"category","embeddable":true,"href":"https:\/\/www.djurskyddet.se\/saffleamal\/wp-json\/wp\/v2\/categories?post=6832"},{"taxonomy":"post_tag","embeddable":true,"href":"https:\/\/www.djurskyddet.se\/saffleamal\/wp-json\/wp\/v2\/tags?post=6832"}],"curies":[{"name":"wp","href":"https:\/\/api.w.org\/{rel}","templated":true}]}}