{"id":6846,"date":"2025-10-31T09:37:38","date_gmt":"2025-10-31T09:37:38","guid":{"rendered":"https:\/\/www.djurskyddet.se\/saffleamal\/?p=6846"},"modified":"2025-12-01T07:22:14","modified_gmt":"2025-12-01T07:22:14","slug":"elsa-2","status":"publish","type":"post","link":"https:\/\/www.djurskyddet.se\/saffleamal\/omplacerade\/elsa-2\/","title":{"rendered":"Elsa"},"content":{"rendered":"\n<p>Elsa \u00e4r en av Felicias 7 sm\u00e5 underverk.<\/p>\n\n\n\n<p>Elsa \u00e4r lite mer f\u00f6rsiktig \u00e4n sina syskon och gillar att vara n\u00e4ra och ligga t\u00e4tt intill. Hon  missar ofta n\u00e4r det \u00e4r bus och bes\u00f6k p\u00e5 g\u00e5ng d\u00e5 hon \u00e4r d\u00f6v. Hon s\u00f6ker d\u00e4rf\u00f6r ett lugnt hem som innekatt d\u00e4r hon kan k\u00e4nna sig trygg trots sitt handikapp med h\u00f6rseln. Flyttar g\u00e4rna med n\u00e5gon av sina syskon som hon har trygghet i.<\/p>\n\n\n\n<p>Elsa blir redo f\u00f6r adoption i slutet av November d\u00e5 hon blir 12 veckor gammal<\/p>\n\n\n\n<p>\u00c4r vid adoption vaccinerad och id m\u00e4rkt. <\/p>\n\n\n\n<p><\/p>\n","protected":false},"excerpt":{"rendered":"<p>Elsa \u00e4r en av Felicias 7 sm\u00e5 underverk. Elsa \u00e4r lite mer f\u00f6rsiktig \u00e4n sina syskon och gillar att vara n\u00e4ra och ligga t\u00e4tt intill. Hon missar ofta n\u00e4r det \u00e4r bus och bes\u00f6k p\u00e5 g\u00e5ng d\u00e5 hon \u00e4r d\u00f6v. Hon s\u00f6ker d\u00e4rf\u00f6r ett lugnt hem som innekatt d\u00e4r hon kan k\u00e4nna sig trygg trots sitt handikapp med h\u00f6rseln. Flyttar g\u00e4rna med n\u00e5gon av sina syskon som hon har trygghet&hellip;<\/p>\n<p><a class=\"more-link\" href=\"https:\/\/www.djurskyddet.se\/saffleamal\/omplacerade\/elsa-2\/\" title=\"Continue reading &lsquo;Elsa&rsquo;\">L&auml;s mer<span class=\"meta-nav\">&raquo;<\/span><\/a><\/p>\n","protected":false},"author":59,"featured_media":6847,"comment_status":"closed","ping_status":"open","sticky":false,"template":"","format":"standard","meta":{"_acf_changed":false,"footnotes":""},"categories":[25],"tags":[],"class_list":["post-6846","post","type-post","status-publish","format-standard","has-post-thumbnail","hentry","category-omplacerade"],"acf":[],"_links":{"self":[{"href":"https:\/\/www.djurskyddet.se\/saffleamal\/wp-json\/wp\/v2\/posts\/6846","targetHints":{"allow":["GET"]}}],"collection":[{"href":"https:\/\/www.djurskyddet.se\/saffleamal\/wp-json\/wp\/v2\/posts"}],"about":[{"href":"https:\/\/www.djurskyddet.se\/saffleamal\/wp-json\/wp\/v2\/types\/post"}],"author":[{"embeddable":true,"href":"https:\/\/www.djurskyddet.se\/saffleamal\/wp-json\/wp\/v2\/users\/59"}],"replies":[{"embeddable":true,"href":"https:\/\/www.djurskyddet.se\/saffleamal\/wp-json\/wp\/v2\/comments?post=6846"}],"version-history":[{"count":3,"href":"https:\/\/www.djurskyddet.se\/saffleamal\/wp-json\/wp\/v2\/posts\/6846\/revisions"}],"predecessor-version":[{"id":6880,"href":"https:\/\/www.djurskyddet.se\/saffleamal\/wp-json\/wp\/v2\/posts\/6846\/revisions\/6880"}],"wp:featuredmedia":[{"embeddable":true,"href":"https:\/\/www.djurskyddet.se\/saffleamal\/wp-json\/wp\/v2\/media\/6847"}],"wp:attachment":[{"href":"https:\/\/www.djurskyddet.se\/saffleamal\/wp-json\/wp\/v2\/media?parent=6846"}],"wp:term":[{"taxonomy":"category","embeddable":true,"href":"https:\/\/www.djurskyddet.se\/saffleamal\/wp-json\/wp\/v2\/categories?post=6846"},{"taxonomy":"post_tag","embeddable":true,"href":"https:\/\/www.djurskyddet.se\/saffleamal\/wp-json\/wp\/v2\/tags?post=6846"}],"curies":[{"name":"wp","href":"https:\/\/api.w.org\/{rel}","templated":true}]}}