{"id":6872,"date":"2025-10-31T13:12:31","date_gmt":"2025-10-31T13:12:31","guid":{"rendered":"https:\/\/www.djurskyddet.se\/saffleamal\/?p=6872"},"modified":"2025-11-24T07:07:07","modified_gmt":"2025-11-24T07:07:07","slug":"trullan","status":"publish","type":"post","link":"https:\/\/www.djurskyddet.se\/saffleamal\/omplacerade\/trullan\/","title":{"rendered":"Trullan"},"content":{"rendered":"\n<p>H\u00e4r har vi Trines unge Trullan som redan hunnit bli 8 veckor och varit p\u00e5 bes\u00f6k hos veterin\u00e4ren f\u00f6r sin f\u00f6rsta vaccindos.<\/p>\n\n\n\n<p>Hon \u00e4r ensam i sin kull f\u00f6dd 31\/8 men fick efter en vecka 4 adoptivsyskon som var ca en vecka \u00e4ldre. <\/p>\n\n\n\n<p>Mer info kommer om Trullan<\/p>\n\n\n\n<p>Trullan \u00e4r redo f\u00f6r adoption i slutet av November<\/p>\n\n\n\n<p><\/p>\n","protected":false},"excerpt":{"rendered":"<p>H\u00e4r har vi Trines unge Trullan som redan hunnit bli 8 veckor och varit p\u00e5 bes\u00f6k hos veterin\u00e4ren f\u00f6r sin f\u00f6rsta vaccindos. Hon \u00e4r ensam i sin kull f\u00f6dd 31\/8 men fick efter en vecka 4 adoptivsyskon som var ca en vecka \u00e4ldre. Mer info kommer om Trullan Trullan \u00e4r redo f\u00f6r adoption i slutet av November<\/p>\n","protected":false},"author":59,"featured_media":6873,"comment_status":"closed","ping_status":"open","sticky":false,"template":"","format":"standard","meta":{"_acf_changed":false,"footnotes":""},"categories":[25],"tags":[],"class_list":["post-6872","post","type-post","status-publish","format-standard","has-post-thumbnail","hentry","category-omplacerade"],"acf":[],"_links":{"self":[{"href":"https:\/\/www.djurskyddet.se\/saffleamal\/wp-json\/wp\/v2\/posts\/6872","targetHints":{"allow":["GET"]}}],"collection":[{"href":"https:\/\/www.djurskyddet.se\/saffleamal\/wp-json\/wp\/v2\/posts"}],"about":[{"href":"https:\/\/www.djurskyddet.se\/saffleamal\/wp-json\/wp\/v2\/types\/post"}],"author":[{"embeddable":true,"href":"https:\/\/www.djurskyddet.se\/saffleamal\/wp-json\/wp\/v2\/users\/59"}],"replies":[{"embeddable":true,"href":"https:\/\/www.djurskyddet.se\/saffleamal\/wp-json\/wp\/v2\/comments?post=6872"}],"version-history":[{"count":1,"href":"https:\/\/www.djurskyddet.se\/saffleamal\/wp-json\/wp\/v2\/posts\/6872\/revisions"}],"predecessor-version":[{"id":6874,"href":"https:\/\/www.djurskyddet.se\/saffleamal\/wp-json\/wp\/v2\/posts\/6872\/revisions\/6874"}],"wp:featuredmedia":[{"embeddable":true,"href":"https:\/\/www.djurskyddet.se\/saffleamal\/wp-json\/wp\/v2\/media\/6873"}],"wp:attachment":[{"href":"https:\/\/www.djurskyddet.se\/saffleamal\/wp-json\/wp\/v2\/media?parent=6872"}],"wp:term":[{"taxonomy":"category","embeddable":true,"href":"https:\/\/www.djurskyddet.se\/saffleamal\/wp-json\/wp\/v2\/categories?post=6872"},{"taxonomy":"post_tag","embeddable":true,"href":"https:\/\/www.djurskyddet.se\/saffleamal\/wp-json\/wp\/v2\/tags?post=6872"}],"curies":[{"name":"wp","href":"https:\/\/api.w.org\/{rel}","templated":true}]}}