{"id":6932,"date":"2025-11-19T09:28:25","date_gmt":"2025-11-19T09:28:25","guid":{"rendered":"https:\/\/www.djurskyddet.se\/saffleamal\/?p=6932"},"modified":"2025-12-08T07:05:12","modified_gmt":"2025-12-08T07:05:12","slug":"tor-2","status":"publish","type":"post","link":"https:\/\/www.djurskyddet.se\/saffleamal\/omplacerade\/tor-2\/","title":{"rendered":"Tor"},"content":{"rendered":"\n<p>Tor \u00e4r en h\u00e4rlig men lite avvaktande grabb tills han l\u00e4rt k\u00e4nna dig som \u00e4r f\u00f6dd n\u00e5gon g\u00e5ng i Maj.<\/p>\n\n\n\n<p>Han \u00e4r busig och s\u00e4llskaplig av sig och busar g\u00e4rna med oss n\u00e4r vi kommer. <\/p>\n\n\n\n<p>Tor hade en skada p\u00e5 sin svans n\u00e4r han kom s\u00e5 den blev opererad och \u00e4r nu lite kortare men det \u00e4r inget som hindrar Tor i sitt liv. <\/p>\n\n\n\n<p>Tor \u00e4r kasterad och id m\u00e4rkt. F\u00e5r sin andra dos vaccin 24\/11 och \u00e4r efter det redo f\u00f6r adoption. <\/p>\n\n\n\n<p><\/p>\n","protected":false},"excerpt":{"rendered":"<p>Tor \u00e4r en h\u00e4rlig men lite avvaktande grabb tills han l\u00e4rt k\u00e4nna dig som \u00e4r f\u00f6dd n\u00e5gon g\u00e5ng i Maj. Han \u00e4r busig och s\u00e4llskaplig av sig och busar g\u00e4rna med oss n\u00e4r vi kommer. Tor hade en skada p\u00e5 sin svans n\u00e4r han kom s\u00e5 den blev opererad och \u00e4r nu lite kortare men det \u00e4r inget som hindrar Tor i sitt liv. Tor \u00e4r kasterad och id m\u00e4rkt.&hellip;<\/p>\n<p><a class=\"more-link\" href=\"https:\/\/www.djurskyddet.se\/saffleamal\/omplacerade\/tor-2\/\" title=\"Continue reading &lsquo;Tor&rsquo;\">L&auml;s mer<span class=\"meta-nav\">&raquo;<\/span><\/a><\/p>\n","protected":false},"author":59,"featured_media":6933,"comment_status":"closed","ping_status":"open","sticky":false,"template":"","format":"standard","meta":{"_acf_changed":false,"footnotes":""},"categories":[25],"tags":[],"class_list":["post-6932","post","type-post","status-publish","format-standard","has-post-thumbnail","hentry","category-omplacerade"],"acf":[],"_links":{"self":[{"href":"https:\/\/www.djurskyddet.se\/saffleamal\/wp-json\/wp\/v2\/posts\/6932","targetHints":{"allow":["GET"]}}],"collection":[{"href":"https:\/\/www.djurskyddet.se\/saffleamal\/wp-json\/wp\/v2\/posts"}],"about":[{"href":"https:\/\/www.djurskyddet.se\/saffleamal\/wp-json\/wp\/v2\/types\/post"}],"author":[{"embeddable":true,"href":"https:\/\/www.djurskyddet.se\/saffleamal\/wp-json\/wp\/v2\/users\/59"}],"replies":[{"embeddable":true,"href":"https:\/\/www.djurskyddet.se\/saffleamal\/wp-json\/wp\/v2\/comments?post=6932"}],"version-history":[{"count":2,"href":"https:\/\/www.djurskyddet.se\/saffleamal\/wp-json\/wp\/v2\/posts\/6932\/revisions"}],"predecessor-version":[{"id":6985,"href":"https:\/\/www.djurskyddet.se\/saffleamal\/wp-json\/wp\/v2\/posts\/6932\/revisions\/6985"}],"wp:featuredmedia":[{"embeddable":true,"href":"https:\/\/www.djurskyddet.se\/saffleamal\/wp-json\/wp\/v2\/media\/6933"}],"wp:attachment":[{"href":"https:\/\/www.djurskyddet.se\/saffleamal\/wp-json\/wp\/v2\/media?parent=6932"}],"wp:term":[{"taxonomy":"category","embeddable":true,"href":"https:\/\/www.djurskyddet.se\/saffleamal\/wp-json\/wp\/v2\/categories?post=6932"},{"taxonomy":"post_tag","embeddable":true,"href":"https:\/\/www.djurskyddet.se\/saffleamal\/wp-json\/wp\/v2\/tags?post=6932"}],"curies":[{"name":"wp","href":"https:\/\/api.w.org\/{rel}","templated":true}]}}