{"id":6948,"date":"2025-11-19T10:19:44","date_gmt":"2025-11-19T10:19:44","guid":{"rendered":"https:\/\/www.djurskyddet.se\/saffleamal\/?p=6948"},"modified":"2025-12-05T07:01:55","modified_gmt":"2025-12-05T07:01:55","slug":"sirius","status":"publish","type":"post","link":"https:\/\/www.djurskyddet.se\/saffleamal\/omplacerade\/sirius\/","title":{"rendered":"Sirius"},"content":{"rendered":"\n<p>Sirius kom till oss med sin mamma Saga och syskonen Svea, Sixten och Sally som \u00e4r f\u00f6dda ca 12\/9<\/p>\n\n\n\n<p>Han  \u00e4r den tuffaste i kullen och kan vara h\u00e5rd men \u00e4nd\u00e5 feg. \u00c4r social och l\u00e4tt att hantera och g\u00e5r att h\u00e4lsa p\u00e5 i ett av v\u00e5ra jourhem i S\u00e4ffle. <\/p>\n\n\n\n<p>Vid adoption kommer han  att vara vaccinerad och id m\u00e4rkt och \u00e4r redo f\u00f6r adoption fr\u00e5n 5\/12<\/p>\n\n\n\n<p><\/p>\n","protected":false},"excerpt":{"rendered":"<p>Sirius kom till oss med sin mamma Saga och syskonen Svea, Sixten och Sally som \u00e4r f\u00f6dda ca 12\/9 Han \u00e4r den tuffaste i kullen och kan vara h\u00e5rd men \u00e4nd\u00e5 feg. \u00c4r social och l\u00e4tt att hantera och g\u00e5r att h\u00e4lsa p\u00e5 i ett av v\u00e5ra jourhem i S\u00e4ffle. Vid adoption kommer han att vara vaccinerad och id m\u00e4rkt och \u00e4r redo f\u00f6r adoption fr\u00e5n 5\/12<\/p>\n","protected":false},"author":59,"featured_media":6949,"comment_status":"closed","ping_status":"open","sticky":false,"template":"","format":"standard","meta":{"_acf_changed":false,"footnotes":""},"categories":[25],"tags":[],"class_list":["post-6948","post","type-post","status-publish","format-standard","has-post-thumbnail","hentry","category-omplacerade"],"acf":[],"_links":{"self":[{"href":"https:\/\/www.djurskyddet.se\/saffleamal\/wp-json\/wp\/v2\/posts\/6948","targetHints":{"allow":["GET"]}}],"collection":[{"href":"https:\/\/www.djurskyddet.se\/saffleamal\/wp-json\/wp\/v2\/posts"}],"about":[{"href":"https:\/\/www.djurskyddet.se\/saffleamal\/wp-json\/wp\/v2\/types\/post"}],"author":[{"embeddable":true,"href":"https:\/\/www.djurskyddet.se\/saffleamal\/wp-json\/wp\/v2\/users\/59"}],"replies":[{"embeddable":true,"href":"https:\/\/www.djurskyddet.se\/saffleamal\/wp-json\/wp\/v2\/comments?post=6948"}],"version-history":[{"count":2,"href":"https:\/\/www.djurskyddet.se\/saffleamal\/wp-json\/wp\/v2\/posts\/6948\/revisions"}],"predecessor-version":[{"id":6971,"href":"https:\/\/www.djurskyddet.se\/saffleamal\/wp-json\/wp\/v2\/posts\/6948\/revisions\/6971"}],"wp:featuredmedia":[{"embeddable":true,"href":"https:\/\/www.djurskyddet.se\/saffleamal\/wp-json\/wp\/v2\/media\/6949"}],"wp:attachment":[{"href":"https:\/\/www.djurskyddet.se\/saffleamal\/wp-json\/wp\/v2\/media?parent=6948"}],"wp:term":[{"taxonomy":"category","embeddable":true,"href":"https:\/\/www.djurskyddet.se\/saffleamal\/wp-json\/wp\/v2\/categories?post=6948"},{"taxonomy":"post_tag","embeddable":true,"href":"https:\/\/www.djurskyddet.se\/saffleamal\/wp-json\/wp\/v2\/tags?post=6948"}],"curies":[{"name":"wp","href":"https:\/\/api.w.org\/{rel}","templated":true}]}}