{"id":6958,"date":"2025-11-19T10:53:09","date_gmt":"2025-11-19T10:53:09","guid":{"rendered":"https:\/\/www.djurskyddet.se\/saffleamal\/?p=6958"},"modified":"2025-11-24T07:05:15","modified_gmt":"2025-11-24T07:05:15","slug":"theodor","status":"publish","type":"post","link":"https:\/\/www.djurskyddet.se\/saffleamal\/omplacerade\/theodor\/","title":{"rendered":"Theodor"},"content":{"rendered":"\n<p>Theodor \u00e4r en liten kille som \u00e4r f\u00f6dd runt 24\/8 och kom till oss n\u00e4r han var ca 2 veckor. <\/p>\n\n\n\n<p>Han \u00e4r en livlig grabb som g\u00e4rna busar omkring och anv\u00e4nder det som finns till sina trampoliner inkusive oss tv\u00e5benta. <\/p>\n\n\n\n<p>Theodor \u00e4r 12 veckor och blir klar f\u00f6r adoption 21\/11 <\/p>\n\n\n\n<p><\/p>\n","protected":false},"excerpt":{"rendered":"<p>Theodor \u00e4r en liten kille som \u00e4r f\u00f6dd runt 24\/8 och kom till oss n\u00e4r han var ca 2 veckor. Han \u00e4r en livlig grabb som g\u00e4rna busar omkring och anv\u00e4nder det som finns till sina trampoliner inkusive oss tv\u00e5benta. Theodor \u00e4r 12 veckor och blir klar f\u00f6r adoption 21\/11<\/p>\n","protected":false},"author":59,"featured_media":6959,"comment_status":"closed","ping_status":"open","sticky":false,"template":"","format":"standard","meta":{"_acf_changed":false,"footnotes":""},"categories":[25],"tags":[],"class_list":["post-6958","post","type-post","status-publish","format-standard","has-post-thumbnail","hentry","category-omplacerade"],"acf":[],"_links":{"self":[{"href":"https:\/\/www.djurskyddet.se\/saffleamal\/wp-json\/wp\/v2\/posts\/6958","targetHints":{"allow":["GET"]}}],"collection":[{"href":"https:\/\/www.djurskyddet.se\/saffleamal\/wp-json\/wp\/v2\/posts"}],"about":[{"href":"https:\/\/www.djurskyddet.se\/saffleamal\/wp-json\/wp\/v2\/types\/post"}],"author":[{"embeddable":true,"href":"https:\/\/www.djurskyddet.se\/saffleamal\/wp-json\/wp\/v2\/users\/59"}],"replies":[{"embeddable":true,"href":"https:\/\/www.djurskyddet.se\/saffleamal\/wp-json\/wp\/v2\/comments?post=6958"}],"version-history":[{"count":1,"href":"https:\/\/www.djurskyddet.se\/saffleamal\/wp-json\/wp\/v2\/posts\/6958\/revisions"}],"predecessor-version":[{"id":6960,"href":"https:\/\/www.djurskyddet.se\/saffleamal\/wp-json\/wp\/v2\/posts\/6958\/revisions\/6960"}],"wp:featuredmedia":[{"embeddable":true,"href":"https:\/\/www.djurskyddet.se\/saffleamal\/wp-json\/wp\/v2\/media\/6959"}],"wp:attachment":[{"href":"https:\/\/www.djurskyddet.se\/saffleamal\/wp-json\/wp\/v2\/media?parent=6958"}],"wp:term":[{"taxonomy":"category","embeddable":true,"href":"https:\/\/www.djurskyddet.se\/saffleamal\/wp-json\/wp\/v2\/categories?post=6958"},{"taxonomy":"post_tag","embeddable":true,"href":"https:\/\/www.djurskyddet.se\/saffleamal\/wp-json\/wp\/v2\/tags?post=6958"}],"curies":[{"name":"wp","href":"https:\/\/api.w.org\/{rel}","templated":true}]}}