{"id":6961,"date":"2025-11-19T10:56:08","date_gmt":"2025-11-19T10:56:08","guid":{"rendered":"https:\/\/www.djurskyddet.se\/saffleamal\/?p=6961"},"modified":"2025-12-05T13:40:49","modified_gmt":"2025-12-05T13:40:49","slug":"ture","status":"publish","type":"post","link":"https:\/\/www.djurskyddet.se\/saffleamal\/omplacerade\/ture\/","title":{"rendered":"Ture"},"content":{"rendered":"\n<p>Ture \u00e4r en liten kille som \u00e4r f\u00f6dd runt 24\/8 och kom till oss n\u00e4r han var ca 2 veckor.<\/p>\n\n\n\n<p>Han \u00e4r en livlig grabb som g\u00e4rna busar omkring och anv\u00e4nder det som finns till sina trampoliner inkusive oss tv\u00e5benta. <\/p>\n\n\n\n<p>Ture \u00e4r 12 veckor och blir klar f\u00f6r adoption 21\/11<\/p>\n\n\n\n<p><\/p>\n","protected":false},"excerpt":{"rendered":"<p>Ture \u00e4r en liten kille som \u00e4r f\u00f6dd runt 24\/8 och kom till oss n\u00e4r han var ca 2 veckor. Han \u00e4r en livlig grabb som g\u00e4rna busar omkring och anv\u00e4nder det som finns till sina trampoliner inkusive oss tv\u00e5benta. Ture \u00e4r 12 veckor och blir klar f\u00f6r adoption 21\/11<\/p>\n","protected":false},"author":59,"featured_media":6962,"comment_status":"closed","ping_status":"open","sticky":false,"template":"","format":"standard","meta":{"_acf_changed":false,"footnotes":""},"categories":[25],"tags":[],"class_list":["post-6961","post","type-post","status-publish","format-standard","has-post-thumbnail","hentry","category-omplacerade"],"acf":[],"_links":{"self":[{"href":"https:\/\/www.djurskyddet.se\/saffleamal\/wp-json\/wp\/v2\/posts\/6961","targetHints":{"allow":["GET"]}}],"collection":[{"href":"https:\/\/www.djurskyddet.se\/saffleamal\/wp-json\/wp\/v2\/posts"}],"about":[{"href":"https:\/\/www.djurskyddet.se\/saffleamal\/wp-json\/wp\/v2\/types\/post"}],"author":[{"embeddable":true,"href":"https:\/\/www.djurskyddet.se\/saffleamal\/wp-json\/wp\/v2\/users\/59"}],"replies":[{"embeddable":true,"href":"https:\/\/www.djurskyddet.se\/saffleamal\/wp-json\/wp\/v2\/comments?post=6961"}],"version-history":[{"count":2,"href":"https:\/\/www.djurskyddet.se\/saffleamal\/wp-json\/wp\/v2\/posts\/6961\/revisions"}],"predecessor-version":[{"id":6984,"href":"https:\/\/www.djurskyddet.se\/saffleamal\/wp-json\/wp\/v2\/posts\/6961\/revisions\/6984"}],"wp:featuredmedia":[{"embeddable":true,"href":"https:\/\/www.djurskyddet.se\/saffleamal\/wp-json\/wp\/v2\/media\/6962"}],"wp:attachment":[{"href":"https:\/\/www.djurskyddet.se\/saffleamal\/wp-json\/wp\/v2\/media?parent=6961"}],"wp:term":[{"taxonomy":"category","embeddable":true,"href":"https:\/\/www.djurskyddet.se\/saffleamal\/wp-json\/wp\/v2\/categories?post=6961"},{"taxonomy":"post_tag","embeddable":true,"href":"https:\/\/www.djurskyddet.se\/saffleamal\/wp-json\/wp\/v2\/tags?post=6961"}],"curies":[{"name":"wp","href":"https:\/\/api.w.org\/{rel}","templated":true}]}}