{"id":6967,"date":"2025-11-19T11:00:47","date_gmt":"2025-11-19T11:00:47","guid":{"rendered":"https:\/\/www.djurskyddet.se\/saffleamal\/?p=6967"},"modified":"2025-11-27T08:23:19","modified_gmt":"2025-11-27T08:23:19","slug":"thea","status":"publish","type":"post","link":"https:\/\/www.djurskyddet.se\/saffleamal\/omplacerade\/thea\/","title":{"rendered":"Thea"},"content":{"rendered":"\n<p>Thea \u00e4r en liten tjej som \u00e4r f\u00f6dd runt 24\/8 och kom till oss n\u00e4r han var ca 2 veckor.<\/p>\n\n\n\n<p>Hon \u00e4r en livlig tjej  som g\u00e4rna busar h\u00e4nger p\u00e5 brorsornas bus och anv\u00e4nder det som finns till sina trampoliner inklusive oss tv\u00e5benta.<\/p>\n\n\n\n<p>Thea \u00e4r 12 veckor och blir klar f\u00f6r adoption 21\/11<\/p>\n\n\n\n<p><\/p>\n","protected":false},"excerpt":{"rendered":"<p>Thea \u00e4r en liten tjej som \u00e4r f\u00f6dd runt 24\/8 och kom till oss n\u00e4r han var ca 2 veckor. Hon \u00e4r en livlig tjej som g\u00e4rna busar h\u00e4nger p\u00e5 brorsornas bus och anv\u00e4nder det som finns till sina trampoliner inklusive oss tv\u00e5benta. Thea \u00e4r 12 veckor och blir klar f\u00f6r adoption 21\/11<\/p>\n","protected":false},"author":59,"featured_media":6968,"comment_status":"closed","ping_status":"open","sticky":false,"template":"","format":"standard","meta":{"_acf_changed":false,"footnotes":""},"categories":[25],"tags":[],"class_list":["post-6967","post","type-post","status-publish","format-standard","has-post-thumbnail","hentry","category-omplacerade"],"acf":[],"_links":{"self":[{"href":"https:\/\/www.djurskyddet.se\/saffleamal\/wp-json\/wp\/v2\/posts\/6967","targetHints":{"allow":["GET"]}}],"collection":[{"href":"https:\/\/www.djurskyddet.se\/saffleamal\/wp-json\/wp\/v2\/posts"}],"about":[{"href":"https:\/\/www.djurskyddet.se\/saffleamal\/wp-json\/wp\/v2\/types\/post"}],"author":[{"embeddable":true,"href":"https:\/\/www.djurskyddet.se\/saffleamal\/wp-json\/wp\/v2\/users\/59"}],"replies":[{"embeddable":true,"href":"https:\/\/www.djurskyddet.se\/saffleamal\/wp-json\/wp\/v2\/comments?post=6967"}],"version-history":[{"count":2,"href":"https:\/\/www.djurskyddet.se\/saffleamal\/wp-json\/wp\/v2\/posts\/6967\/revisions"}],"predecessor-version":[{"id":6974,"href":"https:\/\/www.djurskyddet.se\/saffleamal\/wp-json\/wp\/v2\/posts\/6967\/revisions\/6974"}],"wp:featuredmedia":[{"embeddable":true,"href":"https:\/\/www.djurskyddet.se\/saffleamal\/wp-json\/wp\/v2\/media\/6968"}],"wp:attachment":[{"href":"https:\/\/www.djurskyddet.se\/saffleamal\/wp-json\/wp\/v2\/media?parent=6967"}],"wp:term":[{"taxonomy":"category","embeddable":true,"href":"https:\/\/www.djurskyddet.se\/saffleamal\/wp-json\/wp\/v2\/categories?post=6967"},{"taxonomy":"post_tag","embeddable":true,"href":"https:\/\/www.djurskyddet.se\/saffleamal\/wp-json\/wp\/v2\/tags?post=6967"}],"curies":[{"name":"wp","href":"https:\/\/api.w.org\/{rel}","templated":true}]}}