{"id":7032,"date":"2025-12-22T09:32:55","date_gmt":"2025-12-22T09:32:55","guid":{"rendered":"https:\/\/www.djurskyddet.se\/saffleamal\/?p=7032"},"modified":"2026-01-20T13:41:46","modified_gmt":"2026-01-20T13:41:46","slug":"akilles","status":"publish","type":"post","link":"https:\/\/www.djurskyddet.se\/saffleamal\/omplacerade\/akilles\/","title":{"rendered":"Akilles"},"content":{"rendered":"\n<p>Akilles kom till ett av v\u00e5ra jourhem med sina kompisar Lilo och Mailika efter de blivit djur\u00e4nklingar.<\/p>\n\n\n\n<p>Han \u00e4r en supermysig  och sn\u00e4ll grabb som tycker om att gosa och bli kliad.. en livsnjutare och buffar f\u00f6r att du inte ska sluta mysa med honom. Mycket social och fram\u00e5t. Han beh\u00f6ver g\u00e5 ner lite i vikt och s\u00f6ker med tanke p\u00e5 sin \u00e5lder en lugn och trygg familj som g\u00e4rna \u00e4r hemma mycket med honom. G\u00e4rna p\u00e5 landet s\u00e5 han kan f\u00e5 komma ut och r\u00f6ra lite p\u00e5 sig i utomhusmilj\u00f6.<\/p>\n\n\n\n<p>Han fr\u00e4ste en del n\u00e4r han kom men kunde samtidigt vara gosig och utforskade sin nya milj\u00f6. Men detta f\u00f6rsvann ganska fort. Men vi vet ju inte om det kommer tillbaka tillf\u00e4lligt igen i ett nytt milj\u00f6ombyte s\u00e5 man inte blir r\u00e4dd f\u00f6r han gjorde absolut inget mot oss. <\/p>\n\n\n\n<p>Akilles \u00e4r redo f\u00f6r adoption efter 16 januari<\/p>\n\n\n\n<p><\/p>\n","protected":false},"excerpt":{"rendered":"<p>Akilles kom till ett av v\u00e5ra jourhem med sina kompisar Lilo och Mailika efter de blivit djur\u00e4nklingar. Han \u00e4r en supermysig och sn\u00e4ll grabb som tycker om att gosa och bli kliad.. en livsnjutare och buffar f\u00f6r att du inte ska sluta mysa med honom. Mycket social och fram\u00e5t. Han beh\u00f6ver g\u00e5 ner lite i vikt och s\u00f6ker med tanke p\u00e5 sin \u00e5lder en lugn och trygg familj som g\u00e4rna&hellip;<\/p>\n<p><a class=\"more-link\" href=\"https:\/\/www.djurskyddet.se\/saffleamal\/omplacerade\/akilles\/\" title=\"Continue reading &lsquo;Akilles&rsquo;\">L&auml;s mer<span class=\"meta-nav\">&raquo;<\/span><\/a><\/p>\n","protected":false},"author":59,"featured_media":7033,"comment_status":"closed","ping_status":"open","sticky":false,"template":"","format":"standard","meta":{"_acf_changed":false,"footnotes":""},"categories":[25],"tags":[],"class_list":["post-7032","post","type-post","status-publish","format-standard","has-post-thumbnail","hentry","category-omplacerade"],"acf":[],"_links":{"self":[{"href":"https:\/\/www.djurskyddet.se\/saffleamal\/wp-json\/wp\/v2\/posts\/7032","targetHints":{"allow":["GET"]}}],"collection":[{"href":"https:\/\/www.djurskyddet.se\/saffleamal\/wp-json\/wp\/v2\/posts"}],"about":[{"href":"https:\/\/www.djurskyddet.se\/saffleamal\/wp-json\/wp\/v2\/types\/post"}],"author":[{"embeddable":true,"href":"https:\/\/www.djurskyddet.se\/saffleamal\/wp-json\/wp\/v2\/users\/59"}],"replies":[{"embeddable":true,"href":"https:\/\/www.djurskyddet.se\/saffleamal\/wp-json\/wp\/v2\/comments?post=7032"}],"version-history":[{"count":3,"href":"https:\/\/www.djurskyddet.se\/saffleamal\/wp-json\/wp\/v2\/posts\/7032\/revisions"}],"predecessor-version":[{"id":7047,"href":"https:\/\/www.djurskyddet.se\/saffleamal\/wp-json\/wp\/v2\/posts\/7032\/revisions\/7047"}],"wp:featuredmedia":[{"embeddable":true,"href":"https:\/\/www.djurskyddet.se\/saffleamal\/wp-json\/wp\/v2\/media\/7033"}],"wp:attachment":[{"href":"https:\/\/www.djurskyddet.se\/saffleamal\/wp-json\/wp\/v2\/media?parent=7032"}],"wp:term":[{"taxonomy":"category","embeddable":true,"href":"https:\/\/www.djurskyddet.se\/saffleamal\/wp-json\/wp\/v2\/categories?post=7032"},{"taxonomy":"post_tag","embeddable":true,"href":"https:\/\/www.djurskyddet.se\/saffleamal\/wp-json\/wp\/v2\/tags?post=7032"}],"curies":[{"name":"wp","href":"https:\/\/api.w.org\/{rel}","templated":true}]}}