{"id":7103,"date":"2026-02-09T08:47:34","date_gmt":"2026-02-09T08:47:34","guid":{"rendered":"https:\/\/www.djurskyddet.se\/saffleamal\/?p=7103"},"modified":"2026-03-16T13:11:43","modified_gmt":"2026-03-16T13:11:43","slug":"molly","status":"publish","type":"post","link":"https:\/\/www.djurskyddet.se\/saffleamal\/omplacerade\/molly\/","title":{"rendered":"Molly"},"content":{"rendered":"\n<p>H\u00e4r har vi en trevlig och s\u00e4llskaplig dam i sina b\u00e4sta \u00e5r som \u00e4r en van och trygg innekatt.<\/p>\n\n\n\n<p>D\u00e5 hon \u00e4r 9 \u00e5r och van att bo med sin husse s\u00e5 s\u00f6ker hon en lugn familj utan sm\u00e5 barn d\u00e4r n\u00e5gon g\u00e4rna f\u00e5r vara hemma hela dagarna.  Hon \u00e4r otroligt s\u00e4llskaplig av sig och kommer att bli husse och \/eller mattes trogna v\u00e4n. <\/p>\n\n\n\n<p>Molly ska till tandl\u00e4kare innan hon \u00e4r klar f\u00f6r adoption men kan ta emot bes\u00f6k inom kort. <\/p>\n","protected":false},"excerpt":{"rendered":"<p>H\u00e4r har vi en trevlig och s\u00e4llskaplig dam i sina b\u00e4sta \u00e5r som \u00e4r en van och trygg innekatt. D\u00e5 hon \u00e4r 9 \u00e5r och van att bo med sin husse s\u00e5 s\u00f6ker hon en lugn familj utan sm\u00e5 barn d\u00e4r n\u00e5gon g\u00e4rna f\u00e5r vara hemma hela dagarna. Hon \u00e4r otroligt s\u00e4llskaplig av sig och kommer att bli husse och \/eller mattes trogna v\u00e4n. Molly ska till tandl\u00e4kare innan hon&hellip;<\/p>\n<p><a class=\"more-link\" href=\"https:\/\/www.djurskyddet.se\/saffleamal\/omplacerade\/molly\/\" title=\"Continue reading &lsquo;Molly&rsquo;\">L&auml;s mer<span class=\"meta-nav\">&raquo;<\/span><\/a><\/p>\n","protected":false},"author":59,"featured_media":7104,"comment_status":"closed","ping_status":"open","sticky":false,"template":"","format":"standard","meta":{"_acf_changed":false,"footnotes":""},"categories":[25],"tags":[],"class_list":["post-7103","post","type-post","status-publish","format-standard","has-post-thumbnail","hentry","category-omplacerade"],"acf":[],"_links":{"self":[{"href":"https:\/\/www.djurskyddet.se\/saffleamal\/wp-json\/wp\/v2\/posts\/7103","targetHints":{"allow":["GET"]}}],"collection":[{"href":"https:\/\/www.djurskyddet.se\/saffleamal\/wp-json\/wp\/v2\/posts"}],"about":[{"href":"https:\/\/www.djurskyddet.se\/saffleamal\/wp-json\/wp\/v2\/types\/post"}],"author":[{"embeddable":true,"href":"https:\/\/www.djurskyddet.se\/saffleamal\/wp-json\/wp\/v2\/users\/59"}],"replies":[{"embeddable":true,"href":"https:\/\/www.djurskyddet.se\/saffleamal\/wp-json\/wp\/v2\/comments?post=7103"}],"version-history":[{"count":1,"href":"https:\/\/www.djurskyddet.se\/saffleamal\/wp-json\/wp\/v2\/posts\/7103\/revisions"}],"predecessor-version":[{"id":7105,"href":"https:\/\/www.djurskyddet.se\/saffleamal\/wp-json\/wp\/v2\/posts\/7103\/revisions\/7105"}],"wp:featuredmedia":[{"embeddable":true,"href":"https:\/\/www.djurskyddet.se\/saffleamal\/wp-json\/wp\/v2\/media\/7104"}],"wp:attachment":[{"href":"https:\/\/www.djurskyddet.se\/saffleamal\/wp-json\/wp\/v2\/media?parent=7103"}],"wp:term":[{"taxonomy":"category","embeddable":true,"href":"https:\/\/www.djurskyddet.se\/saffleamal\/wp-json\/wp\/v2\/categories?post=7103"},{"taxonomy":"post_tag","embeddable":true,"href":"https:\/\/www.djurskyddet.se\/saffleamal\/wp-json\/wp\/v2\/tags?post=7103"}],"curies":[{"name":"wp","href":"https:\/\/api.w.org\/{rel}","templated":true}]}}