{"id":7139,"date":"2026-03-17T07:17:25","date_gmt":"2026-03-17T07:17:25","guid":{"rendered":"https:\/\/www.djurskyddet.se\/saffleamal\/?p=7139"},"modified":"2026-04-09T15:06:00","modified_gmt":"2026-04-09T15:06:00","slug":"elsa-och-albert","status":"publish","type":"post","link":"https:\/\/www.djurskyddet.se\/saffleamal\/omplacerade\/elsa-och-albert\/","title":{"rendered":"Elsa och Albert"},"content":{"rendered":"\n<p>Elsa och Albert s\u00f6ker ett nytt hem d\u00e4r de f\u00e5r forts\u00e4tta att bo tillsammans. <\/p>\n\n\n\n<p>Elsa \u00e4r en trygg, fram\u00e5t och social katt. Hon har mycket energi och \u00e4lskar att leka med vippor. Gosar g\u00e4rna n\u00e4r hon \u00e4r sj\u00e4lv och k\u00e4nner f\u00f6r det. Har visat intresse f\u00f6r att g\u00e5 ut, s\u00e5 hon har provat att vara ute i koppel n\u00e5gra g\u00e5nger och gillat det men fungerar \u00e4ven fint som innekatt. Det \u00e4r dock viktigt med stimulans och aktivering och kan ex b\u00f6rja bita p\u00e5 sladdar om hon blir uttr\u00e5kad. <\/p>\n\n\n\n<p>Albert \u00e4r blyg och f\u00f6rsiktig till en b\u00f6rjan, men sen en riktig kelgris. N\u00e4r han \u00e4r trygg v\u00e4ljer han &#8221;sina m\u00e4nniskor&#8221; och vill f\u00f6lja med \u00f6verallt. Han \u00e4r n\u00f6jd bara han f\u00e5r vara med, s\u00e5 st\u00e4ngda d\u00f6rrar gillar han inte. Han \u00e4r en s\u00e5dan katt som m\u00f6ter en i d\u00f6rren n\u00e4r man kommer hem, och blir lika glad n\u00e4r man bara varit ute och h\u00e4mtat in posten. Albert trivs mycket bra som innekatt och har inte visat n\u00e5got som helst intresse p\u00e5 att vilja g\u00e5 ut. <\/p>\n\n\n\n<p>Det absolut viktigaste \u00e4r att dom kommer  till ett hem d\u00e4r n\u00e5gon \u00e4r hemma mycket. Albert har utvecklat separations\u00e5ngest och m\u00e5r b\u00e4st av att inte bli l\u00e4mnad f\u00f6r l\u00e5nga stunder.  B\u00e5da g\u00e5r bra ihop med barn. <\/p>\n","protected":false},"excerpt":{"rendered":"<p>Elsa och Albert s\u00f6ker ett nytt hem d\u00e4r de f\u00e5r forts\u00e4tta att bo tillsammans. Elsa \u00e4r en trygg, fram\u00e5t och social katt. Hon har mycket energi och \u00e4lskar att leka med vippor. Gosar g\u00e4rna n\u00e4r hon \u00e4r sj\u00e4lv och k\u00e4nner f\u00f6r det. Har visat intresse f\u00f6r att g\u00e5 ut, s\u00e5 hon har provat att vara ute i koppel n\u00e5gra g\u00e5nger och gillat det men fungerar \u00e4ven fint som innekatt. Det&hellip;<\/p>\n<p><a class=\"more-link\" href=\"https:\/\/www.djurskyddet.se\/saffleamal\/omplacerade\/elsa-och-albert\/\" title=\"Continue reading &lsquo;Elsa och Albert&rsquo;\">L&auml;s mer<span class=\"meta-nav\">&raquo;<\/span><\/a><\/p>\n","protected":false},"author":59,"featured_media":7140,"comment_status":"closed","ping_status":"open","sticky":false,"template":"","format":"standard","meta":{"_acf_changed":false,"footnotes":""},"categories":[25],"tags":[],"class_list":["post-7139","post","type-post","status-publish","format-standard","has-post-thumbnail","hentry","category-omplacerade"],"acf":[],"_links":{"self":[{"href":"https:\/\/www.djurskyddet.se\/saffleamal\/wp-json\/wp\/v2\/posts\/7139","targetHints":{"allow":["GET"]}}],"collection":[{"href":"https:\/\/www.djurskyddet.se\/saffleamal\/wp-json\/wp\/v2\/posts"}],"about":[{"href":"https:\/\/www.djurskyddet.se\/saffleamal\/wp-json\/wp\/v2\/types\/post"}],"author":[{"embeddable":true,"href":"https:\/\/www.djurskyddet.se\/saffleamal\/wp-json\/wp\/v2\/users\/59"}],"replies":[{"embeddable":true,"href":"https:\/\/www.djurskyddet.se\/saffleamal\/wp-json\/wp\/v2\/comments?post=7139"}],"version-history":[{"count":3,"href":"https:\/\/www.djurskyddet.se\/saffleamal\/wp-json\/wp\/v2\/posts\/7139\/revisions"}],"predecessor-version":[{"id":7143,"href":"https:\/\/www.djurskyddet.se\/saffleamal\/wp-json\/wp\/v2\/posts\/7139\/revisions\/7143"}],"wp:featuredmedia":[{"embeddable":true,"href":"https:\/\/www.djurskyddet.se\/saffleamal\/wp-json\/wp\/v2\/media\/7140"}],"wp:attachment":[{"href":"https:\/\/www.djurskyddet.se\/saffleamal\/wp-json\/wp\/v2\/media?parent=7139"}],"wp:term":[{"taxonomy":"category","embeddable":true,"href":"https:\/\/www.djurskyddet.se\/saffleamal\/wp-json\/wp\/v2\/categories?post=7139"},{"taxonomy":"post_tag","embeddable":true,"href":"https:\/\/www.djurskyddet.se\/saffleamal\/wp-json\/wp\/v2\/tags?post=7139"}],"curies":[{"name":"wp","href":"https:\/\/api.w.org\/{rel}","templated":true}]}}