{"id":8679,"date":"2025-11-23T13:47:11","date_gmt":"2025-11-23T12:47:11","guid":{"rendered":"https:\/\/www.djurskyddet.se\/sigfrid\/?p=8679"},"modified":"2026-01-24T23:20:36","modified_gmt":"2026-01-24T22:20:36","slug":"asta","status":"publish","type":"post","link":"https:\/\/www.djurskyddet.se\/sigfrid\/katter-inne-hos-oss-nu\/asta\/","title":{"rendered":"Asta"},"content":{"rendered":"\n<p>Asta \u00e4r en skyggis som haft det tufft med tv\u00e5 kullar efter varandra p\u00e5 mycket kort tid. <br>Hennes sista kull \u00e4r redo f\u00f6r egna hem efter jul och d\u00e5 \u00e4r det Astas tur att f\u00e5 den omv\u00e5rdnad och k\u00e4rlek hon f\u00f6rtj\u00e4nar efter att tagit s\u00e5 v\u00e4l hand om sina ungar. <br>Asta \u00e4r som tidigare n\u00e4mnt v\u00e4ldigt skygg men vi \u00e4r \u00f6vertygade om att n\u00e4r hon f\u00e5tt en lugn tillvaro utan ungar att ta hand om och med en jourmatte\/husse som f\u00f6rst\u00e5r henne, kommer hon blomma ut och bli trygg!<br>Vi vill att Asta kommer till ett jourhem som kan ha henne en l\u00e4ngre tid f\u00f6r att hon ska beh\u00f6va flytta s\u00e5 lite som m\u00f6jligt. <br><\/p>\n","protected":false},"excerpt":{"rendered":"<p>Asta \u00e4r en skyggis som haft det tufft med tv\u00e5 kullar efter varandra p\u00e5 mycket kort tid. Hennes sista kull \u00e4r redo f\u00f6r egna hem efter jul och d\u00e5 \u00e4r det Astas tur att f\u00e5 den omv\u00e5rdnad och k\u00e4rlek hon f\u00f6rtj\u00e4nar efter att tagit s\u00e5 v\u00e4l hand om sina ungar. Asta \u00e4r som tidigare n\u00e4mnt v\u00e4ldigt skygg men vi \u00e4r \u00f6vertygade om att n\u00e4r hon f\u00e5tt en lugn tillvaro utan&hellip;<\/p>\n<p><a class=\"more-link\" href=\"https:\/\/www.djurskyddet.se\/sigfrid\/katter-inne-hos-oss-nu\/asta\/\" title=\"Continue reading &lsquo;Asta&rsquo;\">L&auml;s mer<span class=\"meta-nav\">&raquo;<\/span><\/a><\/p>\n","protected":false},"author":11,"featured_media":8680,"comment_status":"closed","ping_status":"open","sticky":false,"template":"","format":"standard","meta":{"_acf_changed":false,"footnotes":""},"categories":[30],"tags":[],"class_list":["post-8679","post","type-post","status-publish","format-standard","has-post-thumbnail","hentry","category-katter-inne-hos-oss-nu"],"acf":[],"_links":{"self":[{"href":"https:\/\/www.djurskyddet.se\/sigfrid\/wp-json\/wp\/v2\/posts\/8679","targetHints":{"allow":["GET"]}}],"collection":[{"href":"https:\/\/www.djurskyddet.se\/sigfrid\/wp-json\/wp\/v2\/posts"}],"about":[{"href":"https:\/\/www.djurskyddet.se\/sigfrid\/wp-json\/wp\/v2\/types\/post"}],"author":[{"embeddable":true,"href":"https:\/\/www.djurskyddet.se\/sigfrid\/wp-json\/wp\/v2\/users\/11"}],"replies":[{"embeddable":true,"href":"https:\/\/www.djurskyddet.se\/sigfrid\/wp-json\/wp\/v2\/comments?post=8679"}],"version-history":[{"count":1,"href":"https:\/\/www.djurskyddet.se\/sigfrid\/wp-json\/wp\/v2\/posts\/8679\/revisions"}],"predecessor-version":[{"id":8681,"href":"https:\/\/www.djurskyddet.se\/sigfrid\/wp-json\/wp\/v2\/posts\/8679\/revisions\/8681"}],"wp:featuredmedia":[{"embeddable":true,"href":"https:\/\/www.djurskyddet.se\/sigfrid\/wp-json\/wp\/v2\/media\/8680"}],"wp:attachment":[{"href":"https:\/\/www.djurskyddet.se\/sigfrid\/wp-json\/wp\/v2\/media?parent=8679"}],"wp:term":[{"taxonomy":"category","embeddable":true,"href":"https:\/\/www.djurskyddet.se\/sigfrid\/wp-json\/wp\/v2\/categories?post=8679"},{"taxonomy":"post_tag","embeddable":true,"href":"https:\/\/www.djurskyddet.se\/sigfrid\/wp-json\/wp\/v2\/tags?post=8679"}],"curies":[{"name":"wp","href":"https:\/\/api.w.org\/{rel}","templated":true}]}}