{"id":5762,"date":"2022-03-04T07:26:52","date_gmt":"2022-03-04T07:26:52","guid":{"rendered":"https:\/\/www.djurskyddet.se\/stockholmnorrort\/?p=5762"},"modified":"2022-04-02T07:18:05","modified_gmt":"2022-04-02T07:18:05","slug":"valkommen-till-arsmote","status":"publish","type":"post","link":"https:\/\/www.djurskyddet.se\/stockholmnorrort\/senaste-nytt\/valkommen-till-arsmote\/","title":{"rendered":"V\u00e4lkommen till \u00e5rsm\u00f6te!"},"content":{"rendered":"\n<h2 class=\"wp-block-heading\" id=\"hej-och-valkomna-till-arets-forsta-event-for-djurskyddet-stockholm-norrort-och-dessutom-foreningens-forsta-arsmote\">Hej och v\u00e4lkomna till \u00e5rets f\u00f6rsta event f\u00f6r Djurskyddet Stockholm Norrort och dessutom f\u00f6reningens f\u00f6rsta \u00e5rsm\u00f6te!<\/h2>\n\n\n\n<figure class=\"wp-block-image size-full\"><img decoding=\"async\" src=\"https:\/\/www.djurskyddet.se\/stockholmnorrort\/wp-content\/uploads\/sites\/50\/2022\/03\/Untitled-design-2-e1646379843735.png\" alt=\"\" class=\"wp-image-5769\" \/><\/figure>\n\n\n\n<p><strong>Tid: S\u00f6ndagen den 3 april kl 13.00<br>Plats: All\u00e9v\u00e4gen 3, Vallentuna Kulturhus\/Bibliotek, Stora Konferensrummet&nbsp;<\/strong><\/p>\n\n\n\n<p>Vi vill g\u00e4rna samla s\u00e5 m\u00e5nga av v\u00e5ra medlemmar som m\u00f6jligt f\u00f6r att ni ska f\u00e5 tr\u00e4ffa oss, och inte minst f\u00f6r att vi \u00e4ntligen ska f\u00e5 tr\u00e4ffa er alla! Det sm\u00e5startar med lite mingel och fika fr\u00e5n 13.00-13.30 och drar sen ig\u00e5ng 13.30 f\u00f6r att h\u00e5lla p\u00e5 till ca 15.00. Vi kommer tr\u00e4ffas i hj\u00e4rtat av Vallentuna Centrum: Kulturhuset\/Biblioteket som ligger mitt emot ett av Stockholms mysigaste caf\u00e9er Vallentuna Stenugnsbageri, som dessutom sponsrar oss med fika och kaffe till denna tr\u00e4ff.&nbsp;<\/p>\n\n\n\n<p>\u00c4r du nyfiken p\u00e5 oss eller bara sugen p\u00e5 lite fika? Dra d\u00e5 med en v\u00e4n och kom p\u00e5 \u00e5rsm\u00f6tet och var med och lyssna eller p\u00e5verka (OBS bara medlemmar har r\u00f6str\u00e4tt p\u00e5 \u00e5rsm\u00f6tet. Om du inte \u00e4r medlem kan du bli det h\u00e4r: <a href=\"https:\/\/www.djurskyddet.se\/stod-oss\/bli-medlem\/\">https:\/\/www.djurskyddet.se\/stod-oss\/bli-medlem\/<\/a> ). Ingen anm\u00e4lan beh\u00f6vs, men g\u00e5 g\u00e4rna in och svara i v\u00e5rt <a href=\"https:\/\/www.facebook.com\/events\/481922566974436?acontext=%7B%22source%22%3A%2229%22%2C%22ref_notif_type%22%3A%22plan_user_invited%22%2C%22action_history%22%3A%22null%22%7D&amp;notif_id=1646337683240566&amp;notif_t=plan_user_invited&amp;ref=notif\" target=\"_blank\" rel=\"noreferrer noopener\">Facebookevenemang<\/a>. <\/p>\n\n\n\n<p>Har du inte m\u00f6jlighet att medverka p\u00e5 plats kommer vi \u00e4ven g\u00f6ra det m\u00f6jligt att koppla upp sig digitalt, men ni kan d\u00e5 inte medverka i m\u00f6tet utan endast titta och lyssna. Info om detta kommer mailas ut samt delas i eventet p\u00e5 Facebook inf\u00f6r m\u00f6tets start.<\/p>\n\n\n\n<div class=\"wp-block-buttons is-content-justification-left is-layout-flex wp-container-core-buttons-is-layout-1 wp-block-buttons-is-layout-flex\">\n<div class=\"wp-block-button has-custom-width wp-block-button__width-75\"><a class=\"wp-block-button__link has-white-color has-text-color has-background\" href=\"https:\/\/meet.google.com\/snr-iizq-fsw\" style=\"border-radius:0px;background-color:#76ad1c\" target=\"_blank\" rel=\"noreferrer noopener\">Klicka h\u00e4r f\u00f6r att delta p\u00e5 distans<\/a><\/div>\n<\/div>\n\n\n\n<div style=\"height:20px\" aria-hidden=\"true\" class=\"wp-block-spacer\"><\/div>\n\n\n\n<p>Den h\u00e4r sidan kommer att uppdateras med \u00e5rsm\u00f6teshandlingar inf\u00f6r m\u00f6tet, och \u00e4ven mailas ut till er medlemmar. Har ni motioner ni vill att vi ska behandla ska dessa skickas in till <a href=\"mailto:stockholmnorrort@djurskyddet.se\" target=\"_blank\" rel=\"noreferrer noopener\">stockholmnorrort@djurskyddet.se<\/a> senast 20 mars. <\/p>\n\n\n\n<p>Vill du, eller k\u00e4nner du n\u00e5gon, som vill engagera sig lite extra? Vi s\u00f6ker just nu folk till att sitta i valberedningen inf\u00f6r n\u00e4sta \u00e5rsm\u00f6te. Det \u00e4r ett roligt, men kort, uppdrag som g\u00e5r ut p\u00e5 att n\u00e4r n\u00e4sta \u00e5rsm\u00f6te n\u00e4rmar sig, med hj\u00e4lp av sittande styrelse, v\u00e4lja ut n\u00e4sta \u00e5rs nya styrelse. Vi vill g\u00e4rna h\u00f6ra fr\u00e5n dig ifall du skulle vara intresserad?<\/p>\n\n\n\n<p>Varmt v\u00e4lkomna och hoppas vi ses d\u00e4r!<\/p>\n\n\n\n<div style=\"height:40px\" aria-hidden=\"true\" class=\"wp-block-spacer\"><\/div>\n\n\n\n<p><strong>Dokument inf\u00f6r \u00e5rsm\u00f6tet:<\/strong><\/p>\n\n\n\n<ul class=\"wp-block-list\"><li><a href=\"https:\/\/docs.google.com\/document\/d\/14EVPeQ_68bFYuSWY6fZaWZ2tpr1dWjYGBuWHWSm9818\/edit?usp=sharing\" target=\"_blank\" rel=\"noreferrer noopener\">\u00c5rsm\u00f6teshandlingar 2022<\/a><\/li><\/ul>\n","protected":false},"excerpt":{"rendered":"<p>Hej och v\u00e4lkomna till \u00e5rets f\u00f6rsta event f\u00f6r Djurskyddet Stockholm Norrort och dessutom f\u00f6reningens f\u00f6rsta \u00e5rsm\u00f6te! Tid: S\u00f6ndagen den 3 april kl 13.00Plats: All\u00e9v\u00e4gen 3, Vallentuna Kulturhus\/Bibliotek, Stora Konferensrummet&nbsp; Vi vill g\u00e4rna samla s\u00e5 m\u00e5nga av v\u00e5ra medlemmar som m\u00f6jligt f\u00f6r att ni ska f\u00e5 tr\u00e4ffa oss, och inte minst f\u00f6r att vi \u00e4ntligen ska f\u00e5 tr\u00e4ffa er alla! Det sm\u00e5startar med lite mingel och fika fr\u00e5n 13.00-13.30 och drar&hellip;<\/p>\n<p><a class=\"more-link\" href=\"https:\/\/www.djurskyddet.se\/stockholmnorrort\/senaste-nytt\/valkommen-till-arsmote\/\" title=\"Continue reading &lsquo;V\u00e4lkommen till \u00e5rsm\u00f6te!&rsquo;\">L&auml;s mer<span class=\"meta-nav\">&raquo;<\/span><\/a><\/p>\n","protected":false},"author":58,"featured_media":5769,"comment_status":"closed","ping_status":"open","sticky":false,"template":"","format":"standard","meta":{"_acf_changed":false,"footnotes":""},"categories":[26,18],"tags":[],"class_list":["post-5762","post","type-post","status-publish","format-standard","has-post-thumbnail","hentry","category-evenemang","category-senaste-nytt"],"acf":[],"_links":{"self":[{"href":"https:\/\/www.djurskyddet.se\/stockholmnorrort\/wp-json\/wp\/v2\/posts\/5762","targetHints":{"allow":["GET"]}}],"collection":[{"href":"https:\/\/www.djurskyddet.se\/stockholmnorrort\/wp-json\/wp\/v2\/posts"}],"about":[{"href":"https:\/\/www.djurskyddet.se\/stockholmnorrort\/wp-json\/wp\/v2\/types\/post"}],"author":[{"embeddable":true,"href":"https:\/\/www.djurskyddet.se\/stockholmnorrort\/wp-json\/wp\/v2\/users\/58"}],"replies":[{"embeddable":true,"href":"https:\/\/www.djurskyddet.se\/stockholmnorrort\/wp-json\/wp\/v2\/comments?post=5762"}],"version-history":[{"count":11,"href":"https:\/\/www.djurskyddet.se\/stockholmnorrort\/wp-json\/wp\/v2\/posts\/5762\/revisions"}],"predecessor-version":[{"id":5824,"href":"https:\/\/www.djurskyddet.se\/stockholmnorrort\/wp-json\/wp\/v2\/posts\/5762\/revisions\/5824"}],"wp:featuredmedia":[{"embeddable":true,"href":"https:\/\/www.djurskyddet.se\/stockholmnorrort\/wp-json\/wp\/v2\/media\/5769"}],"wp:attachment":[{"href":"https:\/\/www.djurskyddet.se\/stockholmnorrort\/wp-json\/wp\/v2\/media?parent=5762"}],"wp:term":[{"taxonomy":"category","embeddable":true,"href":"https:\/\/www.djurskyddet.se\/stockholmnorrort\/wp-json\/wp\/v2\/categories?post=5762"},{"taxonomy":"post_tag","embeddable":true,"href":"https:\/\/www.djurskyddet.se\/stockholmnorrort\/wp-json\/wp\/v2\/tags?post=5762"}],"curies":[{"name":"wp","href":"https:\/\/api.w.org\/{rel}","templated":true}]}}