{"id":6331,"date":"2024-11-01T10:01:39","date_gmt":"2024-11-01T09:01:39","guid":{"rendered":"https:\/\/djurskyddet.flywheelsites.com\/ungdom\/?p=6331"},"modified":"2025-01-15T13:20:14","modified_gmt":"2025-01-15T12:20:14","slug":"hundgruppen-bjuder-in-till-diskussion","status":"publish","type":"post","link":"https:\/\/www.djurskyddet.se\/ungdom\/aktuellt\/hundgruppen-bjuder-in-till-diskussion\/","title":{"rendered":"Hundgruppen pratar extremavel"},"content":{"rendered":"\n<p>SNACK OM EXTREMAVEL \ud83d\udc36<\/p>\n\n\n\n<p>\u00c4r du intresserad av att prata mer om v\u00e5r aktuella kampanj mot extrem avel p\u00e5 hundar?<\/p>\n\n\n\n<p>Vi bjuder in alla engagerade djurv\u00e4nner och hund\u00e4lskare att delta i en viktig diskussion d\u00e4r vi lyfter de etiska fr\u00e5gorna och konsekvenserna av oansvarig avel.<\/p>\n\n\n\n<p>Plats:<strong> Digitalt<\/strong><\/p>\n\n\n\n<p>Datum:<strong> Tisdag 26\/11<\/strong><\/p>\n\n\n\n<p>Tid:<strong> kl.18.00-19.00<\/strong><\/p>\n\n\n\n<p>Anm\u00e4l dig till <strong>saga.dahlberg@djurskyddet.se<\/strong><\/p>\n\n\n\n<p>Hoppas vi ses d\u00e4r! \ud83d\udc9a<\/p>\n\n\n\n<p><\/p>\n","protected":false},"excerpt":{"rendered":"<p>SNACK OM EXTREMAVEL \ud83d\udc36 \u00c4r du intresserad av att prata mer om v\u00e5r aktuella kampanj mot extrem avel p\u00e5 hundar? Vi bjuder in alla engagerade djurv\u00e4nner och hund\u00e4lskare att delta i en viktig diskussion d\u00e4r vi lyfter de etiska fr\u00e5gorna och konsekvenserna av oansvarig avel. Plats: Digitalt Datum: Tisdag 26\/11 Tid: kl.18.00-19.00 Anm\u00e4l dig till [&hellip;]<\/p>\n","protected":false},"author":28,"featured_media":6625,"comment_status":"closed","ping_status":"open","sticky":false,"template":"","format":"standard","meta":{"_acf_changed":false,"footnotes":""},"categories":[24],"tags":[],"class_list":["post-6331","post","type-post","status-publish","format-standard","has-post-thumbnail","hentry","category-aktuellt"],"acf":[],"_links":{"self":[{"href":"https:\/\/www.djurskyddet.se\/ungdom\/wp-json\/wp\/v2\/posts\/6331","targetHints":{"allow":["GET"]}}],"collection":[{"href":"https:\/\/www.djurskyddet.se\/ungdom\/wp-json\/wp\/v2\/posts"}],"about":[{"href":"https:\/\/www.djurskyddet.se\/ungdom\/wp-json\/wp\/v2\/types\/post"}],"author":[{"embeddable":true,"href":"https:\/\/www.djurskyddet.se\/ungdom\/wp-json\/wp\/v2\/users\/28"}],"replies":[{"embeddable":true,"href":"https:\/\/www.djurskyddet.se\/ungdom\/wp-json\/wp\/v2\/comments?post=6331"}],"version-history":[{"count":7,"href":"https:\/\/www.djurskyddet.se\/ungdom\/wp-json\/wp\/v2\/posts\/6331\/revisions"}],"predecessor-version":[{"id":6857,"href":"https:\/\/www.djurskyddet.se\/ungdom\/wp-json\/wp\/v2\/posts\/6331\/revisions\/6857"}],"wp:featuredmedia":[{"embeddable":true,"href":"https:\/\/www.djurskyddet.se\/ungdom\/wp-json\/wp\/v2\/media\/6625"}],"wp:attachment":[{"href":"https:\/\/www.djurskyddet.se\/ungdom\/wp-json\/wp\/v2\/media?parent=6331"}],"wp:term":[{"taxonomy":"category","embeddable":true,"href":"https:\/\/www.djurskyddet.se\/ungdom\/wp-json\/wp\/v2\/categories?post=6331"},{"taxonomy":"post_tag","embeddable":true,"href":"https:\/\/www.djurskyddet.se\/ungdom\/wp-json\/wp\/v2\/tags?post=6331"}],"curies":[{"name":"wp","href":"https:\/\/api.w.org\/{rel}","templated":true}]}}