{"id":6951,"date":"2025-01-27T15:11:56","date_gmt":"2025-01-27T14:11:56","guid":{"rendered":"https:\/\/djurskyddet.flywheelsites.com\/ungdom\/?p=6951"},"modified":"2025-01-27T15:11:58","modified_gmt":"2025-01-27T14:11:58","slug":"ga-med-i-hastgruppen","status":"publish","type":"post","link":"https:\/\/www.djurskyddet.se\/ungdom\/aktuellt\/ga-med-i-hastgruppen\/","title":{"rendered":"G\u00e5 med i h\u00e4stgruppen!"},"content":{"rendered":"\n<p>Sl\u00e5r ditt hj\u00e4rta extra starkt f\u00f6r h\u00e4star? Vill du l\u00e4ra dig mer och tr\u00e4ffa fler som har samma intresse? D\u00e5 ska du g\u00e5 med i v\u00e5r h\u00e4stgrupp! N\u00e4sta tr\u00e4ff blir tisdagen den 4 mars kl. 18.00 &#8211; 19.30. <\/p>\n\n\n\n<p>Vi s\u00f6ker fler engagerade som vill vara med och driva v\u00e5r h\u00e4stgrupp med fokus p\u00e5 djurskydd. L\u00e5ter det som n\u00e5got f\u00f6r dig? H\u00f6r av dig till oss! <\/p>\n\n\n\n<p><strong>Kontakt<\/strong>: ungdom@djurskyddet.se<\/p>\n","protected":false},"excerpt":{"rendered":"<p>Sl\u00e5r ditt hj\u00e4rta extra starkt f\u00f6r h\u00e4star? Vill du l\u00e4ra dig mer och tr\u00e4ffa fler som har samma intresse? D\u00e5 ska du g\u00e5 med i v\u00e5r h\u00e4stgrupp! N\u00e4sta tr\u00e4ff blir tisdagen den 4 mars kl. 18.00 &#8211; 19.30. Vi s\u00f6ker fler engagerade som vill vara med och driva v\u00e5r h\u00e4stgrupp med fokus p\u00e5 djurskydd. L\u00e5ter [&hellip;]<\/p>\n","protected":false},"author":28,"featured_media":6770,"comment_status":"closed","ping_status":"open","sticky":false,"template":"","format":"standard","meta":{"_acf_changed":false,"footnotes":""},"categories":[24],"tags":[],"class_list":["post-6951","post","type-post","status-publish","format-standard","has-post-thumbnail","hentry","category-aktuellt"],"acf":[],"_links":{"self":[{"href":"https:\/\/www.djurskyddet.se\/ungdom\/wp-json\/wp\/v2\/posts\/6951","targetHints":{"allow":["GET"]}}],"collection":[{"href":"https:\/\/www.djurskyddet.se\/ungdom\/wp-json\/wp\/v2\/posts"}],"about":[{"href":"https:\/\/www.djurskyddet.se\/ungdom\/wp-json\/wp\/v2\/types\/post"}],"author":[{"embeddable":true,"href":"https:\/\/www.djurskyddet.se\/ungdom\/wp-json\/wp\/v2\/users\/28"}],"replies":[{"embeddable":true,"href":"https:\/\/www.djurskyddet.se\/ungdom\/wp-json\/wp\/v2\/comments?post=6951"}],"version-history":[{"count":1,"href":"https:\/\/www.djurskyddet.se\/ungdom\/wp-json\/wp\/v2\/posts\/6951\/revisions"}],"predecessor-version":[{"id":6952,"href":"https:\/\/www.djurskyddet.se\/ungdom\/wp-json\/wp\/v2\/posts\/6951\/revisions\/6952"}],"wp:featuredmedia":[{"embeddable":true,"href":"https:\/\/www.djurskyddet.se\/ungdom\/wp-json\/wp\/v2\/media\/6770"}],"wp:attachment":[{"href":"https:\/\/www.djurskyddet.se\/ungdom\/wp-json\/wp\/v2\/media?parent=6951"}],"wp:term":[{"taxonomy":"category","embeddable":true,"href":"https:\/\/www.djurskyddet.se\/ungdom\/wp-json\/wp\/v2\/categories?post=6951"},{"taxonomy":"post_tag","embeddable":true,"href":"https:\/\/www.djurskyddet.se\/ungdom\/wp-json\/wp\/v2\/tags?post=6951"}],"curies":[{"name":"wp","href":"https:\/\/api.w.org\/{rel}","templated":true}]}}