{"id":7105,"date":"2025-03-12T15:32:39","date_gmt":"2025-03-12T14:32:39","guid":{"rendered":"https:\/\/www.djurskyddet.se\/ungdom\/?p=7105"},"modified":"2025-04-23T11:52:41","modified_gmt":"2025-04-23T10:52:41","slug":"alskar-du-ocksa-hundar","status":"publish","type":"post","link":"https:\/\/www.djurskyddet.se\/ungdom\/aktuellt\/alskar-du-ocksa-hundar\/","title":{"rendered":"\u00c4lskar du ocks\u00e5 hundar?"},"content":{"rendered":"<div class=\"wp-block-image\">\n<figure class=\"alignright size-large is-resized\"><img loading=\"lazy\" decoding=\"async\" width=\"1024\" height=\"768\" src=\"https:\/\/www.djurskyddet.se\/ungdom\/wp-content\/uploads\/sites\/30\/2025\/03\/veronika-jorjobert-zv5_0_WQfxY-unsplash-1-1024x768.jpg\" alt=\"\" class=\"wp-image-7107\" style=\"width:336px;height:auto\" srcset=\"https:\/\/www.djurskyddet.se\/ungdom\/wp-content\/uploads\/sites\/30\/2025\/03\/veronika-jorjobert-zv5_0_WQfxY-unsplash-1-1024x768.jpg 1024w, https:\/\/www.djurskyddet.se\/ungdom\/wp-content\/uploads\/sites\/30\/2025\/03\/veronika-jorjobert-zv5_0_WQfxY-unsplash-1-600x450.jpg 600w, https:\/\/www.djurskyddet.se\/ungdom\/wp-content\/uploads\/sites\/30\/2025\/03\/veronika-jorjobert-zv5_0_WQfxY-unsplash-1-768x576.jpg 768w, https:\/\/www.djurskyddet.se\/ungdom\/wp-content\/uploads\/sites\/30\/2025\/03\/veronika-jorjobert-zv5_0_WQfxY-unsplash-1.jpg 1440w\" sizes=\"auto, (max-width: 1024px) 100vw, 1024px\" \/><\/figure><\/div>\n\n\n<p>H\u00e4ng med p\u00e5 \u00e5rets f\u00f6rsta digitala hundtr\u00e4ff den <strong>8 maj kl. 18-19! <\/strong>Vi har massor av sp\u00e4nnande saker p\u00e5 agendan, d\u00e4r vi bland annat kommer att dyka ner i ett superviktigt \u00e4mne: Extrem hundavel.<\/p>\n\n\n\n<p>Men det stannar inte d\u00e4r! Vi kommer ocks\u00e5 att diskutera vad vi ska ha f\u00f6r plan fram\u00e5t f\u00f6r v\u00e5r h\u00e4rliga hundgrupp \u2013 id\u00e9er, tips och inspirerande tankar. Vi vill h\u00f6ra vad DU tycker! <img loading=\"lazy\" decoding=\"async\" height=\"16\" width=\"16\" alt=\"\ud83d\udca1\" src=\"https:\/\/static.xx.fbcdn.net\/images\/emoji.php\/v9\/t3c\/1\/16\/1f4a1.png\"><\/p>\n\n\n\n<p>Och <a><\/a>f\u00f6r er som vill ta det ett steg l\u00e4ngre \u2013 om du k\u00e4nner att du vill engagera dig och hj\u00e4lpa till att g\u00f6ra gruppen \u00e4nnu b\u00e4ttre, s\u00e5 kommer vi ocks\u00e5 att prata om hur vi kan f\u00e5 \u00e4nnu mer fart p\u00e5 v\u00e5r gemenskap och aktiviteter. \u00c4r du sugen p\u00e5 att vara med och bidra? D\u00e5 \u00e4r detta r\u00e4tt tillf\u00e4lle f\u00f6r dig! <img loading=\"lazy\" decoding=\"async\" height=\"16\" width=\"16\" alt=\"\ud83d\udc9a\" src=\"https:\/\/static.xx.fbcdn.net\/images\/emoji.php\/v9\/t94\/1\/16\/1f49a.png\"><\/p>\n\n\n\n<p>S\u00e5 kom och var med p\u00e5 en inspirerande och l\u00e4rorik kv\u00e4ll d\u00e4r vi b\u00e5de diskuterar, l\u00e4r oss, och sj\u00e4lvklart har kul med ett quiz! Det h\u00e4r \u00e4r ett perfekt tillf\u00e4lle att tr\u00e4ffa andra hund\u00e4lskare och prata om n\u00e5got som verkligen betyder n\u00e5got f\u00f6r oss alla <img loading=\"lazy\" decoding=\"async\" height=\"16\" width=\"16\" alt=\"\ud83e\udd70\" src=\"https:\/\/static.xx.fbcdn.net\/images\/emoji.php\/v9\/tea\/1\/16\/1f970.png\"><\/p>\n\n\n\n<p>Anm\u00e4l dig till:<\/p>\n\n\n\n<p><strong>saga.dahlberg@djurskyddet.se<\/strong><\/p>\n\n\n\n<p>Vi ses den 8 maj kl. 18.00 \u2013 missa inte detta! <img loading=\"lazy\" decoding=\"async\" height=\"16\" width=\"16\" src=\"https:\/\/static.xx.fbcdn.net\/images\/emoji.php\/v9\/t2f\/1\/16\/1f436.png\" alt=\"\ud83d\udc36\"><img loading=\"lazy\" decoding=\"async\" height=\"16\" width=\"16\" src=\"https:\/\/static.xx.fbcdn.net\/images\/emoji.php\/v9\/t49\/1\/16\/1faf6.png\" alt=\"\ud83e\udef6\"><\/p>\n","protected":false},"excerpt":{"rendered":"<p>H\u00e4ng med p\u00e5 \u00e5rets f\u00f6rsta digitala hundtr\u00e4ff den 8 maj kl. 18-19! Vi har massor av sp\u00e4nnande saker p\u00e5 agendan, d\u00e4r vi bland annat kommer att dyka ner i ett superviktigt \u00e4mne: Extrem hundavel. Men det stannar inte d\u00e4r! Vi kommer ocks\u00e5 att diskutera vad vi ska ha f\u00f6r plan fram\u00e5t f\u00f6r v\u00e5r h\u00e4rliga hundgrupp [&hellip;]<\/p>\n","protected":false},"author":28,"featured_media":7106,"comment_status":"closed","ping_status":"open","sticky":false,"template":"","format":"standard","meta":{"_acf_changed":false,"footnotes":""},"categories":[24],"tags":[],"class_list":["post-7105","post","type-post","status-publish","format-standard","has-post-thumbnail","hentry","category-aktuellt"],"acf":[],"_links":{"self":[{"href":"https:\/\/www.djurskyddet.se\/ungdom\/wp-json\/wp\/v2\/posts\/7105","targetHints":{"allow":["GET"]}}],"collection":[{"href":"https:\/\/www.djurskyddet.se\/ungdom\/wp-json\/wp\/v2\/posts"}],"about":[{"href":"https:\/\/www.djurskyddet.se\/ungdom\/wp-json\/wp\/v2\/types\/post"}],"author":[{"embeddable":true,"href":"https:\/\/www.djurskyddet.se\/ungdom\/wp-json\/wp\/v2\/users\/28"}],"replies":[{"embeddable":true,"href":"https:\/\/www.djurskyddet.se\/ungdom\/wp-json\/wp\/v2\/comments?post=7105"}],"version-history":[{"count":2,"href":"https:\/\/www.djurskyddet.se\/ungdom\/wp-json\/wp\/v2\/posts\/7105\/revisions"}],"predecessor-version":[{"id":7140,"href":"https:\/\/www.djurskyddet.se\/ungdom\/wp-json\/wp\/v2\/posts\/7105\/revisions\/7140"}],"wp:featuredmedia":[{"embeddable":true,"href":"https:\/\/www.djurskyddet.se\/ungdom\/wp-json\/wp\/v2\/media\/7106"}],"wp:attachment":[{"href":"https:\/\/www.djurskyddet.se\/ungdom\/wp-json\/wp\/v2\/media?parent=7105"}],"wp:term":[{"taxonomy":"category","embeddable":true,"href":"https:\/\/www.djurskyddet.se\/ungdom\/wp-json\/wp\/v2\/categories?post=7105"},{"taxonomy":"post_tag","embeddable":true,"href":"https:\/\/www.djurskyddet.se\/ungdom\/wp-json\/wp\/v2\/tags?post=7105"}],"curies":[{"name":"wp","href":"https:\/\/api.w.org\/{rel}","templated":true}]}}