{"id":7116,"date":"2025-03-12T16:16:20","date_gmt":"2025-03-12T15:16:20","guid":{"rendered":"https:\/\/www.djurskyddet.se\/ungdom\/?p=7116"},"modified":"2025-03-12T16:18:54","modified_gmt":"2025-03-12T15:18:54","slug":"sok-till-forbundsstyrelsen","status":"publish","type":"post","link":"https:\/\/www.djurskyddet.se\/ungdom\/aktuellt\/sok-till-forbundsstyrelsen\/","title":{"rendered":"s\u00f6k till f\u00f6rbundsstyrelsen"},"content":{"rendered":"\n<p>Vill du vara med och g\u00f6ra skillnad f\u00f6r djuren?<\/p>\n\n\n\n<p>Bli styrelseledamot i Djurskyddet Ungdoms f\u00f6rbundsstyrelse!<br><br>Vi s\u00f6ker dig som \u00e4r mellan 15-28 \u00e5r, har ett stort engagemang f\u00f6r djurskyddsfr\u00e5gor och \u00e4r redo att engagera dig i v\u00e5r f\u00f6rbundsstyrelse. L\u00e5ter detta som n\u00e5got f\u00f6r dig? Ans\u00f6k genom att mejla en beskrivning av dig sj\u00e4lv och varf\u00f6r just DU skulle passa f\u00f6r uppdraget.<br><br><a href=\"https:\/\/www.djurskyddet.se\/ungdom\/var-med-och-gor-skillnad-for-djuren\/\" data-type=\"link\" data-id=\"https:\/\/www.djurskyddet.se\/ungdom\/var-med-och-gor-skillnad-for-djuren\/\">L\u00e4s mer om uppdraget h\u00e4r. <\/a><br><br>Vi beh\u00f6ver din ans\u00f6kan senast 6 april.<\/p>\n","protected":false},"excerpt":{"rendered":"<p>Vill du vara med och g\u00f6ra skillnad f\u00f6r djuren? Bli styrelseledamot i Djurskyddet Ungdoms f\u00f6rbundsstyrelse! Vi s\u00f6ker dig som \u00e4r mellan 15-28 \u00e5r, har ett stort engagemang f\u00f6r djurskyddsfr\u00e5gor och \u00e4r redo att engagera dig i v\u00e5r f\u00f6rbundsstyrelse. L\u00e5ter detta som n\u00e5got f\u00f6r dig? Ans\u00f6k genom att mejla en beskrivning av dig sj\u00e4lv och varf\u00f6r [&hellip;]<\/p>\n","protected":false},"author":28,"featured_media":7078,"comment_status":"closed","ping_status":"open","sticky":false,"template":"","format":"standard","meta":{"_acf_changed":false,"footnotes":""},"categories":[24],"tags":[],"class_list":["post-7116","post","type-post","status-publish","format-standard","has-post-thumbnail","hentry","category-aktuellt"],"acf":[],"_links":{"self":[{"href":"https:\/\/www.djurskyddet.se\/ungdom\/wp-json\/wp\/v2\/posts\/7116","targetHints":{"allow":["GET"]}}],"collection":[{"href":"https:\/\/www.djurskyddet.se\/ungdom\/wp-json\/wp\/v2\/posts"}],"about":[{"href":"https:\/\/www.djurskyddet.se\/ungdom\/wp-json\/wp\/v2\/types\/post"}],"author":[{"embeddable":true,"href":"https:\/\/www.djurskyddet.se\/ungdom\/wp-json\/wp\/v2\/users\/28"}],"replies":[{"embeddable":true,"href":"https:\/\/www.djurskyddet.se\/ungdom\/wp-json\/wp\/v2\/comments?post=7116"}],"version-history":[{"count":1,"href":"https:\/\/www.djurskyddet.se\/ungdom\/wp-json\/wp\/v2\/posts\/7116\/revisions"}],"predecessor-version":[{"id":7117,"href":"https:\/\/www.djurskyddet.se\/ungdom\/wp-json\/wp\/v2\/posts\/7116\/revisions\/7117"}],"wp:featuredmedia":[{"embeddable":true,"href":"https:\/\/www.djurskyddet.se\/ungdom\/wp-json\/wp\/v2\/media\/7078"}],"wp:attachment":[{"href":"https:\/\/www.djurskyddet.se\/ungdom\/wp-json\/wp\/v2\/media?parent=7116"}],"wp:term":[{"taxonomy":"category","embeddable":true,"href":"https:\/\/www.djurskyddet.se\/ungdom\/wp-json\/wp\/v2\/categories?post=7116"},{"taxonomy":"post_tag","embeddable":true,"href":"https:\/\/www.djurskyddet.se\/ungdom\/wp-json\/wp\/v2\/tags?post=7116"}],"curies":[{"name":"wp","href":"https:\/\/api.w.org\/{rel}","templated":true}]}}