{"id":7151,"date":"2025-04-23T12:12:53","date_gmt":"2025-04-23T11:12:53","guid":{"rendered":"https:\/\/www.djurskyddet.se\/ungdom\/?p=7151"},"modified":"2025-04-23T12:13:58","modified_gmt":"2025-04-23T11:13:58","slug":"anmal-dig-till-stamman","status":"publish","type":"post","link":"https:\/\/www.djurskyddet.se\/ungdom\/aktuellt\/anmal-dig-till-stamman\/","title":{"rendered":"Anm\u00e4l dig till st\u00e4mman"},"content":{"rendered":"\n<p>Dags att anm\u00e4la sig till \u00e5rets h\u00f6jdpunkt! \ud83d\udc9a<\/p>\n\n\n\n<p>Den 17 maj \u00e4r det dags f\u00f6r Djurskyddet Ungdoms \u00e5rliga st\u00e4mma! Vi bjuder p\u00e5 en fullsp\u00e4ckad dag p\u00e5 v\u00e5rt kansli i Hammarby Sj\u00f6stad i Stockholm.<\/p>\n\n\n\n<p>Vi inleder dagen med gemensam frukost och en sp\u00e4nnande f\u00f6rel\u00e4sning om extremavel med Djurskyddet Sveriges sakkunniga Emma Brunberg; Fr\u00e5n varg till mops! Dagen forts\u00e4tter sedan med lunch och sj\u00e4lva \u00e5rsm\u00f6tet p\u00e5 eftermiddagen. Detta vill ni inte missa, en fantastisk chans att l\u00e4ra k\u00e4nna fler engagerade djurv\u00e4nner och p\u00e5verka vad som h\u00e4nder i organisationen! \ud83e\udd73<\/p>\n\n\n\n<p>Det g\u00e5r ocks\u00e5 bra att delta digitalt om du inte kan vara med p\u00e5 plats.<\/p>\n\n\n\n<p>Anm\u00e4l dig genom att mejla oss! Skriv \u00e4ven med eventuella allergier eller specialkost.<\/p>\n\n\n\n<p><strong>ungdom@djurskyddet.se<\/strong><\/p>\n\n\n\n<p><strong>Sista dag f\u00f6r anm\u00e4lan \u00e4r 9 maj.<\/strong><\/p>\n\n\n\n<p>Hoppas vi ses d\u00e4r! \ud83d\udc9a<\/p>\n","protected":false},"excerpt":{"rendered":"<p>Dags att anm\u00e4la sig till \u00e5rets h\u00f6jdpunkt! \ud83d\udc9a Den 17 maj \u00e4r det dags f\u00f6r Djurskyddet Ungdoms \u00e5rliga st\u00e4mma! Vi bjuder p\u00e5 en fullsp\u00e4ckad dag p\u00e5 v\u00e5rt kansli i Hammarby Sj\u00f6stad i Stockholm. Vi inleder dagen med gemensam frukost och en sp\u00e4nnande f\u00f6rel\u00e4sning om extremavel med Djurskyddet Sveriges sakkunniga Emma Brunberg; Fr\u00e5n varg till mops! [&hellip;]<\/p>\n","protected":false},"author":28,"featured_media":7145,"comment_status":"closed","ping_status":"open","sticky":false,"template":"","format":"standard","meta":{"_acf_changed":false,"footnotes":""},"categories":[24],"tags":[],"class_list":["post-7151","post","type-post","status-publish","format-standard","has-post-thumbnail","hentry","category-aktuellt"],"acf":[],"_links":{"self":[{"href":"https:\/\/www.djurskyddet.se\/ungdom\/wp-json\/wp\/v2\/posts\/7151","targetHints":{"allow":["GET"]}}],"collection":[{"href":"https:\/\/www.djurskyddet.se\/ungdom\/wp-json\/wp\/v2\/posts"}],"about":[{"href":"https:\/\/www.djurskyddet.se\/ungdom\/wp-json\/wp\/v2\/types\/post"}],"author":[{"embeddable":true,"href":"https:\/\/www.djurskyddet.se\/ungdom\/wp-json\/wp\/v2\/users\/28"}],"replies":[{"embeddable":true,"href":"https:\/\/www.djurskyddet.se\/ungdom\/wp-json\/wp\/v2\/comments?post=7151"}],"version-history":[{"count":2,"href":"https:\/\/www.djurskyddet.se\/ungdom\/wp-json\/wp\/v2\/posts\/7151\/revisions"}],"predecessor-version":[{"id":7153,"href":"https:\/\/www.djurskyddet.se\/ungdom\/wp-json\/wp\/v2\/posts\/7151\/revisions\/7153"}],"wp:featuredmedia":[{"embeddable":true,"href":"https:\/\/www.djurskyddet.se\/ungdom\/wp-json\/wp\/v2\/media\/7145"}],"wp:attachment":[{"href":"https:\/\/www.djurskyddet.se\/ungdom\/wp-json\/wp\/v2\/media?parent=7151"}],"wp:term":[{"taxonomy":"category","embeddable":true,"href":"https:\/\/www.djurskyddet.se\/ungdom\/wp-json\/wp\/v2\/categories?post=7151"},{"taxonomy":"post_tag","embeddable":true,"href":"https:\/\/www.djurskyddet.se\/ungdom\/wp-json\/wp\/v2\/tags?post=7151"}],"curies":[{"name":"wp","href":"https:\/\/api.w.org\/{rel}","templated":true}]}}