{"id":7155,"date":"2025-05-05T09:48:23","date_gmt":"2025-05-05T08:48:23","guid":{"rendered":"https:\/\/www.djurskyddet.se\/ungdom\/?p=7155"},"modified":"2025-05-05T12:58:11","modified_gmt":"2025-05-05T11:58:11","slug":"forelasning-fran-varg-till-mops","status":"publish","type":"post","link":"https:\/\/www.djurskyddet.se\/ungdom\/senaste-nytt\/forelasning-fran-varg-till-mops\/","title":{"rendered":"F\u00f6rel\u00e4sning: Fr\u00e5n varg till mops"},"content":{"rendered":"\n<p><strong>Den 17 maj<\/strong> bjuder vi in till en intressant f\u00f6rel\u00e4sning p\u00e5 temat extrem avel &#8221;Fr\u00e5n varg till mops&#8221; med Emma Brunberg. Detta vill ni inte missa! \ud83d\udc9a<\/p>\n\n\n\n<p>Om f\u00f6rel\u00e4sningen: I v\u00e5r str\u00e4van att f\u00e5 hundar att se ut p\u00e5 ett visst s\u00e4tt s\u00e5 avlar vi fortfarande fram hundar med utseenden som g\u00f6r att de har sv\u00e5rt att andas, har st\u00e4ndiga sm\u00e4rtor och flera andra problem som g\u00f6r att de f\u00e5r sv\u00e5rt att leva ett bra liv. Varf\u00f6r har det blivit s\u00e5 h\u00e4r trots att det inte \u00e4r lagligt? Och vad \u00e4r v\u00e4gen fram\u00e5t?<\/p>\n\n\n\n<p>Emma \u00e4r doktor i husdjursvetenskap, har en bakgrund som forskare och har intresserat sig speciellt f\u00f6r hur djurs beteende, genetik och v\u00e4lf\u00e4rd samspelar. Idag arbetar Emma som sakkunnig i djurskydd p\u00e5 Djurskyddet Sverige och brinner f\u00f6r att djur ska ha f\u00f6ruts\u00e4ttningar f\u00f6r att leva friska och lyckliga liv.<\/p>\n\n\n\n<p><strong>N\u00e4r<\/strong>: L\u00f6rdag 17 maj kl.10.15-11.45<\/p>\n\n\n\n<p><strong>Var:<\/strong> Hammarby Fabriksv\u00e4g 25, Stockholm<\/p>\n\n\n\n<p><strong>Hur<\/strong>: P\u00e5 plats eller digitalt via l\u00e4nk.<\/p>\n\n\n\n<p><strong>Anm\u00e4lan:<\/strong> ungdom@djurskyddet.se<\/p>\n\n\n\n<p>F\u00f6rel\u00e4sningen \u00e4r kostnadsfri f\u00f6r alla medlemmar och \u00e4r en del av v\u00e5r f\u00f6rbundsst\u00e4mma som h\u00e5lls samma dag! \ud83e\udd8b\ud83d\udc9a<\/p>\n","protected":false},"excerpt":{"rendered":"<p>Den 17 maj bjuder vi in till en intressant f\u00f6rel\u00e4sning p\u00e5 temat extrem avel &#8221;Fr\u00e5n varg till mops&#8221; med Emma Brunberg. Detta vill ni inte missa! \ud83d\udc9a Om f\u00f6rel\u00e4sningen: I v\u00e5r str\u00e4van att f\u00e5 hundar att se ut p\u00e5 ett visst s\u00e4tt s\u00e5 avlar vi fortfarande fram hundar med utseenden som g\u00f6r att de har [&hellip;]<\/p>\n","protected":false},"author":3,"featured_media":7171,"comment_status":"closed","ping_status":"open","sticky":false,"template":"","format":"standard","meta":{"_acf_changed":false,"footnotes":""},"categories":[24,18],"tags":[],"class_list":["post-7155","post","type-post","status-publish","format-standard","has-post-thumbnail","hentry","category-aktuellt","category-senaste-nytt"],"acf":[],"_links":{"self":[{"href":"https:\/\/www.djurskyddet.se\/ungdom\/wp-json\/wp\/v2\/posts\/7155","targetHints":{"allow":["GET"]}}],"collection":[{"href":"https:\/\/www.djurskyddet.se\/ungdom\/wp-json\/wp\/v2\/posts"}],"about":[{"href":"https:\/\/www.djurskyddet.se\/ungdom\/wp-json\/wp\/v2\/types\/post"}],"author":[{"embeddable":true,"href":"https:\/\/www.djurskyddet.se\/ungdom\/wp-json\/wp\/v2\/users\/3"}],"replies":[{"embeddable":true,"href":"https:\/\/www.djurskyddet.se\/ungdom\/wp-json\/wp\/v2\/comments?post=7155"}],"version-history":[{"count":5,"href":"https:\/\/www.djurskyddet.se\/ungdom\/wp-json\/wp\/v2\/posts\/7155\/revisions"}],"predecessor-version":[{"id":7174,"href":"https:\/\/www.djurskyddet.se\/ungdom\/wp-json\/wp\/v2\/posts\/7155\/revisions\/7174"}],"wp:featuredmedia":[{"embeddable":true,"href":"https:\/\/www.djurskyddet.se\/ungdom\/wp-json\/wp\/v2\/media\/7171"}],"wp:attachment":[{"href":"https:\/\/www.djurskyddet.se\/ungdom\/wp-json\/wp\/v2\/media?parent=7155"}],"wp:term":[{"taxonomy":"category","embeddable":true,"href":"https:\/\/www.djurskyddet.se\/ungdom\/wp-json\/wp\/v2\/categories?post=7155"},{"taxonomy":"post_tag","embeddable":true,"href":"https:\/\/www.djurskyddet.se\/ungdom\/wp-json\/wp\/v2\/tags?post=7155"}],"curies":[{"name":"wp","href":"https:\/\/api.w.org\/{rel}","templated":true}]}}