{"id":7367,"date":"2025-10-02T12:49:49","date_gmt":"2025-10-02T11:49:49","guid":{"rendered":"https:\/\/www.djurskyddet.se\/ungdom\/?p=7367"},"modified":"2025-10-02T12:49:50","modified_gmt":"2025-10-02T11:49:50","slug":"vart-arbete-gor-skillnad%f0%9f%92%aa%f0%9f%90%be","status":"publish","type":"post","link":"https:\/\/www.djurskyddet.se\/ungdom\/senaste-nytt\/vart-arbete-gor-skillnad%f0%9f%92%aa%f0%9f%90%be\/","title":{"rendered":"V\u00e5rt arbete g\u00f6r skillnad!\ud83d\udcaa\ud83d\udc3e"},"content":{"rendered":"\n<p>I b\u00f6rjan av h\u00f6sten granskade vi Zoo.se i Kungens Kurva. Utanf\u00f6r butiken uppt\u00e4ckte vi en stor affisch med tv\u00e5 extremavlade hundar, en engelsk bulldog och en mops.<\/p>\n\n\n\n<p>Vi tog d\u00e5 kontakt med Zoo.se och lyfte v\u00e5r oro \u00f6ver att de anv\u00e4nde s\u00e5 kallade brakycefala raser i sin marknadsf\u00f6ring, n\u00e5got som \u00e4ven Tidningen Djurskyddet ville uppm\u00e4rksamma.<\/p>\n\n\n\n<p>\u2728 Tack vare v\u00e5rt arbete tog Zoo.se ner affischen redan inom en vecka. Deras marknadschef bekr\u00e4ftade att f\u00f6retaget har en policy om att inte anv\u00e4nda raser med extrem anatomi i sin marknadsf\u00f6ring, och de kommer nu att s\u00e4kerst\u00e4lla att denna policy efterlevs i alla deras butiker, b\u00e5de i utv\u00e4ndig och inv\u00e4ndig reklam. Vi ser fram emot att se hur ni fram\u00f6ver lever upp till ert policybeslut och anv\u00e4nder friska djur i er reklam @zoo.se!<\/p>\n\n\n\n<p>Det h\u00e4r visar tydligt vilken skillnad v\u00e5rt arbete g\u00f6r \ud83d\ude4c. Utan v\u00e5r granskning och v\u00e5rt engagemang hade affischen sannolikt st\u00e5tt kvar och signalerat oh\u00e4lsosamma ideal. I st\u00e4llet fick vi en snabb och konkret f\u00f6r\u00e4ndring som st\u00e4rker djurv\u00e4lf\u00e4rden.<\/p>\n\n\n\n<p>Vi anser att stora f\u00f6retag, s\u00e4rskilt de som v\u00e4nder sig till djur\u00e4gare, m\u00e5ste ta ansvar och fr\u00e4mja ett sunt djur\u00e4gande. Att anv\u00e4nda extremavlade hundar i reklam riskerar att normalisera lidande och det ska vi aldrig acceptera.<\/p>\n\n\n\n<p>Den h\u00e4r h\u00e4ndelsen visar svart p\u00e5 vitt att v\u00e5rt arbete inte bara \u00e4r viktigt, utan ocks\u00e5 ger resultat.<\/p>\n\n\n\n<p>Tillsammans g\u00f6r vi skillnad f\u00f6r djuren!&nbsp;\ud83d\udc9a<\/p>\n\n\n\n<div class=\"wp-block-columns is-layout-flex wp-container-core-columns-is-layout-1 wp-block-columns-is-layout-flex\">\n<div class=\"wp-block-column is-layout-flow wp-block-column-is-layout-flow\">\n<figure class=\"wp-block-image size-full\"><img loading=\"lazy\" decoding=\"async\" width=\"600\" height=\"800\" src=\"https:\/\/www.djurskyddet.se\/ungdom\/wp-content\/uploads\/sites\/30\/2025\/10\/reklambild-ljusare-mindre-2.png\" alt=\"\" class=\"wp-image-7373\" srcset=\"https:\/\/www.djurskyddet.se\/ungdom\/wp-content\/uploads\/sites\/30\/2025\/10\/reklambild-ljusare-mindre-2.png 600w, https:\/\/www.djurskyddet.se\/ungdom\/wp-content\/uploads\/sites\/30\/2025\/10\/reklambild-ljusare-mindre-2-450x600.png 450w\" sizes=\"auto, (max-width: 600px) 100vw, 600px\" \/><\/figure>\n<\/div>\n\n\n\n<div class=\"wp-block-column is-layout-flow wp-block-column-is-layout-flow\">\n<figure class=\"wp-block-image size-full\"><img loading=\"lazy\" decoding=\"async\" width=\"600\" height=\"800\" src=\"https:\/\/www.djurskyddet.se\/ungdom\/wp-content\/uploads\/sites\/30\/2025\/10\/efterbild-zoo.se_.png\" alt=\"\" class=\"wp-image-7374\" srcset=\"https:\/\/www.djurskyddet.se\/ungdom\/wp-content\/uploads\/sites\/30\/2025\/10\/efterbild-zoo.se_.png 600w, https:\/\/www.djurskyddet.se\/ungdom\/wp-content\/uploads\/sites\/30\/2025\/10\/efterbild-zoo.se_-450x600.png 450w\" sizes=\"auto, (max-width: 600px) 100vw, 600px\" \/><\/figure>\n<\/div>\n<\/div>\n","protected":false},"excerpt":{"rendered":"<p>I b\u00f6rjan av h\u00f6sten granskade vi Zoo.se i Kungens Kurva. Utanf\u00f6r butiken uppt\u00e4ckte vi en stor affisch med tv\u00e5 extremavlade hundar, en engelsk bulldog och en mops. Vi tog d\u00e5 kontakt med Zoo.se och lyfte v\u00e5r oro \u00f6ver att de anv\u00e4nde s\u00e5 kallade brakycefala raser i sin marknadsf\u00f6ring, n\u00e5got som \u00e4ven Tidningen Djurskyddet ville uppm\u00e4rksamma. [&hellip;]<\/p>\n","protected":false},"author":3,"featured_media":7081,"comment_status":"closed","ping_status":"open","sticky":false,"template":"","format":"standard","meta":{"_acf_changed":false,"footnotes":""},"categories":[24,18],"tags":[],"class_list":["post-7367","post","type-post","status-publish","format-standard","has-post-thumbnail","hentry","category-aktuellt","category-senaste-nytt"],"acf":[],"_links":{"self":[{"href":"https:\/\/www.djurskyddet.se\/ungdom\/wp-json\/wp\/v2\/posts\/7367","targetHints":{"allow":["GET"]}}],"collection":[{"href":"https:\/\/www.djurskyddet.se\/ungdom\/wp-json\/wp\/v2\/posts"}],"about":[{"href":"https:\/\/www.djurskyddet.se\/ungdom\/wp-json\/wp\/v2\/types\/post"}],"author":[{"embeddable":true,"href":"https:\/\/www.djurskyddet.se\/ungdom\/wp-json\/wp\/v2\/users\/3"}],"replies":[{"embeddable":true,"href":"https:\/\/www.djurskyddet.se\/ungdom\/wp-json\/wp\/v2\/comments?post=7367"}],"version-history":[{"count":2,"href":"https:\/\/www.djurskyddet.se\/ungdom\/wp-json\/wp\/v2\/posts\/7367\/revisions"}],"predecessor-version":[{"id":7375,"href":"https:\/\/www.djurskyddet.se\/ungdom\/wp-json\/wp\/v2\/posts\/7367\/revisions\/7375"}],"wp:featuredmedia":[{"embeddable":true,"href":"https:\/\/www.djurskyddet.se\/ungdom\/wp-json\/wp\/v2\/media\/7081"}],"wp:attachment":[{"href":"https:\/\/www.djurskyddet.se\/ungdom\/wp-json\/wp\/v2\/media?parent=7367"}],"wp:term":[{"taxonomy":"category","embeddable":true,"href":"https:\/\/www.djurskyddet.se\/ungdom\/wp-json\/wp\/v2\/categories?post=7367"},{"taxonomy":"post_tag","embeddable":true,"href":"https:\/\/www.djurskyddet.se\/ungdom\/wp-json\/wp\/v2\/tags?post=7367"}],"curies":[{"name":"wp","href":"https:\/\/api.w.org\/{rel}","templated":true}]}}