{"id":7383,"date":"2025-10-27T11:13:13","date_gmt":"2025-10-27T10:13:13","guid":{"rendered":"https:\/\/www.djurskyddet.se\/ungdom\/?p=7383"},"modified":"2025-10-27T11:13:57","modified_gmt":"2025-10-27T10:13:57","slug":"arets-hastfest-ar-snart-har","status":"publish","type":"post","link":"https:\/\/www.djurskyddet.se\/ungdom\/senaste-nytt\/arets-hastfest-ar-snart-har\/","title":{"rendered":"\u00c5RETS H\u00c4STFEST \u00c4R SNART H\u00c4R!"},"content":{"rendered":"\n<p>Snart \u00e4r det \u00e5terigen dags f\u00f6r&nbsp;<a href=\"https:\/\/www.horseshow.se\/\">Sweden International Horse Show<\/a>&nbsp;p\u00e5 Strawberry Arena i Stockholm! Vi \u00e4r s\u00e5 taggade \ud83d\ude4c\ud83c\udffc<\/p>\n\n\n\n<p>Den 27-30 november kommer vi, precis som tidigare, st\u00e5 som utst\u00e4llare p\u00e5 \u00e5rets h\u00e4stfest. Vi kommer prata om djurskydd, bjuda p\u00e5 ett klurigt t\u00e4vlingsquiz och v\u00e4rva unga djurskyddare \ud83d\udc9a<\/p>\n\n\n\n<p>Nedr\u00e4kningen har b\u00f6rjat! \ud83e\udd73<\/p>\n\n\n\n<p>Tillsammans g\u00f6r vi skillnad f\u00f6r djuren!\ud83d\udc9a<\/p>\n","protected":false},"excerpt":{"rendered":"<p>Snart \u00e4r det \u00e5terigen dags f\u00f6r&nbsp;Sweden International Horse Show&nbsp;p\u00e5 Strawberry Arena i Stockholm! Vi \u00e4r s\u00e5 taggade \ud83d\ude4c\ud83c\udffc Den 27-30 november kommer vi, precis som tidigare, st\u00e5 som utst\u00e4llare p\u00e5 \u00e5rets h\u00e4stfest. Vi kommer prata om djurskydd, bjuda p\u00e5 ett klurigt t\u00e4vlingsquiz och v\u00e4rva unga djurskyddare \ud83d\udc9a Nedr\u00e4kningen har b\u00f6rjat! \ud83e\udd73 Tillsammans g\u00f6r vi skillnad [&hellip;]<\/p>\n","protected":false},"author":3,"featured_media":7384,"comment_status":"closed","ping_status":"open","sticky":false,"template":"","format":"standard","meta":{"_acf_changed":false,"footnotes":""},"categories":[24,18],"tags":[],"class_list":["post-7383","post","type-post","status-publish","format-standard","has-post-thumbnail","hentry","category-aktuellt","category-senaste-nytt"],"acf":[],"_links":{"self":[{"href":"https:\/\/www.djurskyddet.se\/ungdom\/wp-json\/wp\/v2\/posts\/7383","targetHints":{"allow":["GET"]}}],"collection":[{"href":"https:\/\/www.djurskyddet.se\/ungdom\/wp-json\/wp\/v2\/posts"}],"about":[{"href":"https:\/\/www.djurskyddet.se\/ungdom\/wp-json\/wp\/v2\/types\/post"}],"author":[{"embeddable":true,"href":"https:\/\/www.djurskyddet.se\/ungdom\/wp-json\/wp\/v2\/users\/3"}],"replies":[{"embeddable":true,"href":"https:\/\/www.djurskyddet.se\/ungdom\/wp-json\/wp\/v2\/comments?post=7383"}],"version-history":[{"count":2,"href":"https:\/\/www.djurskyddet.se\/ungdom\/wp-json\/wp\/v2\/posts\/7383\/revisions"}],"predecessor-version":[{"id":7386,"href":"https:\/\/www.djurskyddet.se\/ungdom\/wp-json\/wp\/v2\/posts\/7383\/revisions\/7386"}],"wp:featuredmedia":[{"embeddable":true,"href":"https:\/\/www.djurskyddet.se\/ungdom\/wp-json\/wp\/v2\/media\/7384"}],"wp:attachment":[{"href":"https:\/\/www.djurskyddet.se\/ungdom\/wp-json\/wp\/v2\/media?parent=7383"}],"wp:term":[{"taxonomy":"category","embeddable":true,"href":"https:\/\/www.djurskyddet.se\/ungdom\/wp-json\/wp\/v2\/categories?post=7383"},{"taxonomy":"post_tag","embeddable":true,"href":"https:\/\/www.djurskyddet.se\/ungdom\/wp-json\/wp\/v2\/tags?post=7383"}],"curies":[{"name":"wp","href":"https:\/\/api.w.org\/{rel}","templated":true}]}}