{"id":7388,"date":"2025-11-07T16:24:42","date_gmt":"2025-11-07T15:24:42","guid":{"rendered":"https:\/\/www.djurskyddet.se\/ungdom\/?p=7388"},"modified":"2025-11-10T17:14:18","modified_gmt":"2025-11-10T16:14:18","slug":"satt-kattens-halsa-forst","status":"publish","type":"post","link":"https:\/\/www.djurskyddet.se\/ungdom\/senaste-nytt\/satt-kattens-halsa-forst\/","title":{"rendered":"S\u00e4tt kattens h\u00e4lsa f\u00f6rst!"},"content":{"rendered":"\n<p><strong>Extremavel \u00e4r inte bara ett problem som drabbar hundar, \u00e4ven katter p\u00e5verkas n\u00e4r utseende prioriteras h\u00f6gre \u00e4n v\u00e4lm\u00e5ende. N\u00e4r aveln g\u00e5r f\u00f6r l\u00e5ngt kan resultatet bli att djuret f\u00e5r sv\u00e5rt att leva ett normalt och bekv\u00e4mt liv. Detta g\u00e4ller bland annat raser d\u00e4r ansiktets form eller kroppsbyggnaden f\u00f6r\u00e4ndrats s\u00e5 mycket att katten inte l\u00e4ngre kan andas, r\u00f6ra sig eller sk\u00f6ta sin hygien p\u00e5 ett naturligt s\u00e4tt.<\/strong><\/p>\n\n\n\n<hr class=\"wp-block-separator has-alpha-channel-opacity\"\/>\n\n\n\n<p>Ett tydligt exempel \u00e4r Perserkatten, som under l\u00e5ng tid avlats f\u00f6r ett mycket platt ansikte. Denna f\u00f6r\u00e4ndring kan g\u00f6ra det sv\u00e5rt att andas b\u00e5de vid vila och lek. Katten kan \u00e4ven f\u00e5 problem med att \u00e4ta och tugga, och ofta uppst\u00e5r \u00e5terkommande irritation i \u00f6gonen. F\u00f6r m\u00e5nga blir vardagen en kamp d\u00e4r s\u00e5dant som borde vara sj\u00e4lvklart kr\u00e4ver anstr\u00e4ngning.<\/p>\n\n\n<div class=\"wp-block-image\">\n<figure class=\"alignright size-medium is-resized\"><img loading=\"lazy\" decoding=\"async\" width=\"600\" height=\"400\" src=\"https:\/\/www.djurskyddet.se\/ungdom\/wp-content\/uploads\/sites\/30\/2025\/11\/Perser-iStock-2205460274-600x400.jpg\" alt=\"Perserkatt\" class=\"wp-image-7389\" style=\"width:377px;height:auto\" srcset=\"https:\/\/www.djurskyddet.se\/ungdom\/wp-content\/uploads\/sites\/30\/2025\/11\/Perser-iStock-2205460274-600x400.jpg 600w, https:\/\/www.djurskyddet.se\/ungdom\/wp-content\/uploads\/sites\/30\/2025\/11\/Perser-iStock-2205460274-1024x684.jpg 1024w, https:\/\/www.djurskyddet.se\/ungdom\/wp-content\/uploads\/sites\/30\/2025\/11\/Perser-iStock-2205460274-768x513.jpg 768w, https:\/\/www.djurskyddet.se\/ungdom\/wp-content\/uploads\/sites\/30\/2025\/11\/Perser-iStock-2205460274-1536x1025.jpg 1536w, https:\/\/www.djurskyddet.se\/ungdom\/wp-content\/uploads\/sites\/30\/2025\/11\/Perser-iStock-2205460274.jpg 1618w\" sizes=\"auto, (max-width: 600px) 100vw, 600px\" \/><figcaption class=\"wp-element-caption\"><em>Perserkatt med platt ansikte<\/em><\/figcaption><\/figure><\/div>\n\n\n<p>En frisk katt ska kunna andas utan besv\u00e4r, r\u00f6ra sig smidigt, hoppa upp p\u00e5 m\u00f6bler, leka och tv\u00e4tta sig utan hinder. Det \u00e4r grundl\u00e4ggande delar av ett kattliv. N\u00e4r kroppen inte till\u00e5ter dessa beteenden \u00e4r det ett tecken p\u00e5 att aveln inte satt djurets h\u00e4lsa i f\u00f6rsta rummet.<\/p>\n\n\n\n<p>Samma problem syns hos Munchkin-katten. Den har avlats med mycket korta fram och bakben. Den ovanliga benl\u00e4ngden kan g\u00f6ra det sv\u00e5rt att hoppa och r\u00f6ra sig naturligt och lederna belastas on\u00f6digt h\u00e5rt. M\u00e5nga utvecklar sm\u00e4rtsam artros och f\u00e5r begr\u00e4nsad livskvalitet redan tidigt i livet.<\/p>\n\n\n\n<p>I djurskyddslagen \u00e4r det tydligt att avel inte f\u00e5r orsaka lidande f\u00f6r djuret eller dess ungar. \u00c4nd\u00e5 forts\u00e4tter dessa raser att marknadsf\u00f6ras som s\u00f6ta och speciella. Vi vill i st\u00e4llet lyfta vikten av att fr\u00e4mja sunda, friska katter som kan leva ett aktivt och harmoniskt liv.<\/p>\n\n\n\n<p>Alla katter f\u00f6rtj\u00e4nar att andas l\u00e4tt, r\u00f6ra sig fritt och f\u00e5 vara just katter.<\/p>\n\n\n\n<p>St\u00f6tta v\u00e5rt arbete f\u00f6r djurens v\u00e4lm\u00e5ende. Ju fler vi \u00e4r desto mer kan vi p\u00e5verka. \ud83d\udc9a<\/p>\n","protected":false},"excerpt":{"rendered":"<p>Extremavel \u00e4r inte bara ett problem som drabbar hundar, \u00e4ven katter p\u00e5verkas n\u00e4r utseende prioriteras h\u00f6gre \u00e4n v\u00e4lm\u00e5ende. N\u00e4r aveln g\u00e5r f\u00f6r l\u00e5ngt kan resultatet bli att djuret f\u00e5r sv\u00e5rt att leva ett normalt och bekv\u00e4mt liv. Detta g\u00e4ller bland annat raser d\u00e4r ansiktets form eller kroppsbyggnaden f\u00f6r\u00e4ndrats s\u00e5 mycket att katten inte l\u00e4ngre kan [&hellip;]<\/p>\n","protected":false},"author":3,"featured_media":7391,"comment_status":"closed","ping_status":"open","sticky":false,"template":"","format":"standard","meta":{"_acf_changed":false,"footnotes":""},"categories":[24,18],"tags":[],"class_list":["post-7388","post","type-post","status-publish","format-standard","has-post-thumbnail","hentry","category-aktuellt","category-senaste-nytt"],"acf":[],"_links":{"self":[{"href":"https:\/\/www.djurskyddet.se\/ungdom\/wp-json\/wp\/v2\/posts\/7388","targetHints":{"allow":["GET"]}}],"collection":[{"href":"https:\/\/www.djurskyddet.se\/ungdom\/wp-json\/wp\/v2\/posts"}],"about":[{"href":"https:\/\/www.djurskyddet.se\/ungdom\/wp-json\/wp\/v2\/types\/post"}],"author":[{"embeddable":true,"href":"https:\/\/www.djurskyddet.se\/ungdom\/wp-json\/wp\/v2\/users\/3"}],"replies":[{"embeddable":true,"href":"https:\/\/www.djurskyddet.se\/ungdom\/wp-json\/wp\/v2\/comments?post=7388"}],"version-history":[{"count":15,"href":"https:\/\/www.djurskyddet.se\/ungdom\/wp-json\/wp\/v2\/posts\/7388\/revisions"}],"predecessor-version":[{"id":7407,"href":"https:\/\/www.djurskyddet.se\/ungdom\/wp-json\/wp\/v2\/posts\/7388\/revisions\/7407"}],"wp:featuredmedia":[{"embeddable":true,"href":"https:\/\/www.djurskyddet.se\/ungdom\/wp-json\/wp\/v2\/media\/7391"}],"wp:attachment":[{"href":"https:\/\/www.djurskyddet.se\/ungdom\/wp-json\/wp\/v2\/media?parent=7388"}],"wp:term":[{"taxonomy":"category","embeddable":true,"href":"https:\/\/www.djurskyddet.se\/ungdom\/wp-json\/wp\/v2\/categories?post=7388"},{"taxonomy":"post_tag","embeddable":true,"href":"https:\/\/www.djurskyddet.se\/ungdom\/wp-json\/wp\/v2\/tags?post=7388"}],"curies":[{"name":"wp","href":"https:\/\/api.w.org\/{rel}","templated":true}]}}