{"id":7408,"date":"2025-11-14T12:13:34","date_gmt":"2025-11-14T11:13:34","guid":{"rendered":"https:\/\/www.djurskyddet.se\/ungdom\/?p=7408"},"modified":"2025-11-20T15:18:21","modified_gmt":"2025-11-20T14:18:21","slug":"djurskyddet-ungdom-medlemskvall%e2%9c%a8","status":"publish","type":"post","link":"https:\/\/www.djurskyddet.se\/ungdom\/senaste-nytt\/djurskyddet-ungdom-medlemskvall%e2%9c%a8\/","title":{"rendered":"Mingelkv\u00e4ll\u2728"},"content":{"rendered":"\n<p>Den 11 december ses vi tillsammans p\u00e5 Fryshuset i Stockholm f\u00f6r en mysig och inspirerande kv\u00e4ll! Vi fikar, h\u00e4nger och pratar djurskydd tillsammans, en kv\u00e4ll fylld av gemenskap, skratt och engagemang. \u2728<\/p>\n\n\n\n<p>\ud83c\udf1f Under kv\u00e4llen avsl\u00f6jar vi vem som blir \u00c5rets Unga Djurskyddare 2025 \u2013 det vill du inte missa!<\/p>\n\n\n\n<p>\ud83c\udf81 Dessutom blir det t\u00e4vling med fina priser fr\u00e5n Djurskyddet Ungdom, s\u00e5 kom och var med!<\/p>\n\n\n\n<p>\ud83d\udccd Plats: Fryshuset, foaj\u00e9n (ing\u00e5ng via huvudentr\u00e9n)<\/p>\n\n\n\n<p>\ud83d\udd55 Tid: 18.00\u201320.00<\/p>\n\n\n\n<p>\ud83d\udcc5 Sista anm\u00e4lningsdag: 5 december<\/p>\n\n\n\n<p>Ta med en v\u00e4n och kom och h\u00e4ng med oss. \ud83d\udc9a Anm\u00e4l dig g\u00e4rna via knappen nedan, s\u00e5 vi vet hur mycket fika vi ska fixa. <\/p>\n\n\n\n<p>Har du fr\u00e5gor \u00e4r du varmt v\u00e4lkommen att h\u00f6ra av dig!<\/p>\n\n\n\n<p>Vi l\u00e4ngtar efter att ses! \ud83d\udcab\ud83d\udc36\ud83d\udc31<\/p>\n\n\n\n<div class=\"wp-block-buttons has-custom-font-size has-large-font-size is-content-justification-left is-layout-flex wp-container-core-buttons-is-layout-1 wp-block-buttons-is-layout-flex\">\n<div class=\"wp-block-button has-custom-font-size has-medium-font-size\"><a class=\"wp-block-button__link has-vit-color has-gron-background-color has-text-color has-background has-link-color has-text-align-center wp-element-button\" href=\"https:\/\/sv.surveymonkey.com\/r\/GKDQ26J\">Anm\u00e4l dig h\u00e4r!<\/a><\/div>\n<\/div>\n\n\n\n<p><\/p>\n","protected":false},"excerpt":{"rendered":"<p>Den 11 december ses vi tillsammans p\u00e5 Fryshuset i Stockholm f\u00f6r en mysig och inspirerande kv\u00e4ll! Vi fikar, h\u00e4nger och pratar djurskydd tillsammans, en kv\u00e4ll fylld av gemenskap, skratt och engagemang. \u2728 \ud83c\udf1f Under kv\u00e4llen avsl\u00f6jar vi vem som blir \u00c5rets Unga Djurskyddare 2025 \u2013 det vill du inte missa! \ud83c\udf81 Dessutom blir det t\u00e4vling [&hellip;]<\/p>\n","protected":false},"author":3,"featured_media":7419,"comment_status":"closed","ping_status":"open","sticky":false,"template":"","format":"standard","meta":{"_acf_changed":false,"footnotes":""},"categories":[24,18],"tags":[],"class_list":["post-7408","post","type-post","status-publish","format-standard","has-post-thumbnail","hentry","category-aktuellt","category-senaste-nytt"],"acf":[],"_links":{"self":[{"href":"https:\/\/www.djurskyddet.se\/ungdom\/wp-json\/wp\/v2\/posts\/7408","targetHints":{"allow":["GET"]}}],"collection":[{"href":"https:\/\/www.djurskyddet.se\/ungdom\/wp-json\/wp\/v2\/posts"}],"about":[{"href":"https:\/\/www.djurskyddet.se\/ungdom\/wp-json\/wp\/v2\/types\/post"}],"author":[{"embeddable":true,"href":"https:\/\/www.djurskyddet.se\/ungdom\/wp-json\/wp\/v2\/users\/3"}],"replies":[{"embeddable":true,"href":"https:\/\/www.djurskyddet.se\/ungdom\/wp-json\/wp\/v2\/comments?post=7408"}],"version-history":[{"count":6,"href":"https:\/\/www.djurskyddet.se\/ungdom\/wp-json\/wp\/v2\/posts\/7408\/revisions"}],"predecessor-version":[{"id":7423,"href":"https:\/\/www.djurskyddet.se\/ungdom\/wp-json\/wp\/v2\/posts\/7408\/revisions\/7423"}],"wp:featuredmedia":[{"embeddable":true,"href":"https:\/\/www.djurskyddet.se\/ungdom\/wp-json\/wp\/v2\/media\/7419"}],"wp:attachment":[{"href":"https:\/\/www.djurskyddet.se\/ungdom\/wp-json\/wp\/v2\/media?parent=7408"}],"wp:term":[{"taxonomy":"category","embeddable":true,"href":"https:\/\/www.djurskyddet.se\/ungdom\/wp-json\/wp\/v2\/categories?post=7408"},{"taxonomy":"post_tag","embeddable":true,"href":"https:\/\/www.djurskyddet.se\/ungdom\/wp-json\/wp\/v2\/tags?post=7408"}],"curies":[{"name":"wp","href":"https:\/\/api.w.org\/{rel}","templated":true}]}}