{"id":7443,"date":"2025-12-12T10:59:16","date_gmt":"2025-12-12T09:59:16","guid":{"rendered":"https:\/\/www.djurskyddet.se\/ungdom\/?p=7443"},"modified":"2026-01-14T10:39:25","modified_gmt":"2026-01-14T09:39:25","slug":"arets-unga-djurskyddare-ar-korad","status":"publish","type":"post","link":"https:\/\/www.djurskyddet.se\/ungdom\/senaste-nytt\/arets-unga-djurskyddare-ar-korad\/","title":{"rendered":"\u00c5rets unga djurskyddare \u00e4r korad!"},"content":{"rendered":"\n<p><strong>Isabella Dragan \u00e4r \u00e5rets unga djurskyddare 2025<\/strong><\/p>\n\n\n\n<p>Djurskyddet Ungdom utser Isabella Dragan till \u00e5rets unga djurskyddare f\u00f6r hennes engagerade arbete med att hj\u00e4lpa heml\u00f6sa katter. F\u00f6rbundsstyrelsen lyfter hennes stora hj\u00e4rta, omtanke och starka vilja att f\u00f6rb\u00e4ttra livet f\u00f6r djur som beh\u00f6ver st\u00f6d.<\/p>\n\n\n\n<p>Isabella s\u00e4ger: Jag \u00e4r fortfarande i lite chock \u00f6ver att jag har f\u00e5tt utm\u00e4rkelsen. Jag \u00e4lskar katter mer \u00e4n allt annat i denna v\u00e4rld, och allt jag g\u00f6r f\u00f6r dem \u00e4r just d\u00e4rf\u00f6r. Att det uppm\u00e4rksammas som det har gjorts nu \u00e4r helt fantastiskt, jag \u00e4r v\u00e4ldigt stolt och k\u00e4nner mig hedrad.<\/p>\n\n\n\n<div class=\"wp-block-buttons is-layout-flex wp-block-buttons-is-layout-flex\">\n<div class=\"wp-block-button has-custom-font-size has-medium-font-size\"><a class=\"wp-block-button__link has-vit-color has-gron-background-color has-text-color has-background has-link-color wp-element-button\" href=\"https:\/\/www.djurskyddet.se\/ungdom\/arets-unga-djurskyddare-2025\/\"><em>L\u00e4s mer h\u00e4r<\/em>..<\/a><\/div>\n<\/div>\n","protected":false},"excerpt":{"rendered":"<p>Isabella Dragan \u00e4r \u00e5rets unga djurskyddare 2025 Djurskyddet Ungdom utser Isabella Dragan till \u00e5rets unga djurskyddare f\u00f6r hennes engagerade arbete med att hj\u00e4lpa heml\u00f6sa katter. F\u00f6rbundsstyrelsen lyfter hennes stora hj\u00e4rta, omtanke och starka vilja att f\u00f6rb\u00e4ttra livet f\u00f6r djur som beh\u00f6ver st\u00f6d. Isabella s\u00e4ger: Jag \u00e4r fortfarande i lite chock \u00f6ver att jag har f\u00e5tt [&hellip;]<\/p>\n","protected":false},"author":3,"featured_media":7436,"comment_status":"closed","ping_status":"open","sticky":false,"template":"","format":"standard","meta":{"_acf_changed":false,"footnotes":""},"categories":[24,18],"tags":[],"class_list":["post-7443","post","type-post","status-publish","format-standard","has-post-thumbnail","hentry","category-aktuellt","category-senaste-nytt"],"acf":[],"_links":{"self":[{"href":"https:\/\/www.djurskyddet.se\/ungdom\/wp-json\/wp\/v2\/posts\/7443","targetHints":{"allow":["GET"]}}],"collection":[{"href":"https:\/\/www.djurskyddet.se\/ungdom\/wp-json\/wp\/v2\/posts"}],"about":[{"href":"https:\/\/www.djurskyddet.se\/ungdom\/wp-json\/wp\/v2\/types\/post"}],"author":[{"embeddable":true,"href":"https:\/\/www.djurskyddet.se\/ungdom\/wp-json\/wp\/v2\/users\/3"}],"replies":[{"embeddable":true,"href":"https:\/\/www.djurskyddet.se\/ungdom\/wp-json\/wp\/v2\/comments?post=7443"}],"version-history":[{"count":3,"href":"https:\/\/www.djurskyddet.se\/ungdom\/wp-json\/wp\/v2\/posts\/7443\/revisions"}],"predecessor-version":[{"id":7468,"href":"https:\/\/www.djurskyddet.se\/ungdom\/wp-json\/wp\/v2\/posts\/7443\/revisions\/7468"}],"wp:featuredmedia":[{"embeddable":true,"href":"https:\/\/www.djurskyddet.se\/ungdom\/wp-json\/wp\/v2\/media\/7436"}],"wp:attachment":[{"href":"https:\/\/www.djurskyddet.se\/ungdom\/wp-json\/wp\/v2\/media?parent=7443"}],"wp:term":[{"taxonomy":"category","embeddable":true,"href":"https:\/\/www.djurskyddet.se\/ungdom\/wp-json\/wp\/v2\/categories?post=7443"},{"taxonomy":"post_tag","embeddable":true,"href":"https:\/\/www.djurskyddet.se\/ungdom\/wp-json\/wp\/v2\/tags?post=7443"}],"curies":[{"name":"wp","href":"https:\/\/api.w.org\/{rel}","templated":true}]}}