{"id":7479,"date":"2026-02-18T14:25:38","date_gmt":"2026-02-18T13:25:38","guid":{"rendered":"https:\/\/www.djurskyddet.se\/ungdom\/?p=7479"},"modified":"2026-02-18T14:25:39","modified_gmt":"2026-02-18T13:25:39","slug":"sok-till-forbundsstyrelsen%f0%9f%8e%89","status":"publish","type":"post","link":"https:\/\/www.djurskyddet.se\/ungdom\/senaste-nytt\/sok-till-forbundsstyrelsen%f0%9f%8e%89\/","title":{"rendered":"S\u00f6k till f\u00f6rbundsstyrelsen!\ud83c\udf89"},"content":{"rendered":"\n<p class=\"has-medium-font-size\"><strong>Vill du vara med och st\u00e4rka djurskyddet i Sverige? Bli styrelseledamot i Djurskyddet Ungdoms f\u00f6rbundsstyrelse!<\/strong><\/p>\n\n\n\n<p>Djurskyddet Ungdom s\u00f6ker nu nya ledam\u00f6ter till v\u00e5r f\u00f6rbundsstyrelse. Vi \u00e4r en ideell organisation som arbetar f\u00f6r att st\u00e4rka djurskyddet i Sverige. Vi samlar unga personer under 30 \u00e5r och har f\u00f6reningar \u00f6ver hela landet. V\u00e5r vision \u00e4r ett samh\u00e4lle d\u00e4r m\u00e4nniskor visar respekt och medk\u00e4nsla f\u00f6r alla djur. Vi s\u00f6ker dig som \u00e4r mellan 15\u201328 \u00e5r, har ett stort engagemang f\u00f6r djurskyddsfr\u00e5gor och \u00e4r redo att engagera dig mer och vara aktiv i v\u00e5r f\u00f6rbundsstyrelse.<\/p>\n\n\n\n<p><strong>Exempel p\u00e5 uppgifter som styrelseledamot:<\/strong><\/p>\n\n\n\n<ul class=\"wp-block-list\">\n<li>Delta p\u00e5 styrelsem\u00f6ten och fatta strategiska beslut om hur organisationen ska utvecklas och vilka fr\u00e5gor som ska prioriteras<\/li>\n\n\n\n<li>Engagera medlemmar och vara ett aktivt st\u00f6d till v\u00e5ra lokalf\u00f6reningar<\/li>\n\n\n\n<li>P\u00e5verka f\u00f6r att st\u00e4rka djurskyddet i Sverige<\/li>\n\n\n\n<li>Delaktighet i organisationens projekt och kampanjer<\/li>\n\n\n\n<li>Delta och medverka p\u00e5 v\u00e5ra aktiviteter och utbildningar<\/li>\n<\/ul>\n\n\n\n<p><strong>Varf\u00f6r engagera sig mer och bli aktiv i v\u00e5r f\u00f6rbundsstyrelse?<\/strong><\/p>\n\n\n\n<ul class=\"wp-block-list\">\n<li>Det \u00e4r meriterande att sitta i en f\u00f6rbundsstyrelse<\/li>\n\n\n\n<li>Ditt engagemang och arbete g\u00f6r skillnad f\u00f6r djuren<\/li>\n\n\n\n<li>Du f\u00e5r erfarenhet av praktiskt f\u00f6r\u00e4ndringsarbete<\/li>\n\n\n\n<li>Du f\u00e5r utbildning och kompetensutveckling inom djurskydd, styrelsearbete och ledarskap<\/li>\n\n\n\n<li>Du f\u00e5r l\u00e4ra k\u00e4nna nya m\u00e4nniskor och samarbeta med andra som delar ditt djurintresse<\/li>\n\n\n\n<li>Du kommer att ha kul p\u00e5 v\u00e4gen<\/li>\n<\/ul>\n\n\n\n<p>R\u00e4kna med att ditt \u00e5tagande kommer att ta minst 6h\/m\u00e5nad. Som f\u00f6rbundsstyrelseledamot f\u00f6rv\u00e4ntas du kunna delta p\u00e5 ett m\u00f6te i m\u00e5naden, ansvara f\u00f6r tilldelade uppgifter samt delta p\u00e5 planerade aktiviteter enligt \u00f6verenskommelse. Uppdraget kan genomf\u00f6ras p\u00e5 distans och de flesta m\u00f6ten \u00e4r digitala. Uppdraget sker l\u00f6pande och i samarbete med \u00f6vriga i styrelsen och kansliet. Uppdraget kommer att inneb\u00e4ra vissa resor. Du beh\u00f6ver inte ha n\u00e5gon tidigare erfarenhet fr\u00e5n styrelsearbete.<\/p>\n\n\n\n<p>Ans\u00f6k genom att mejla en kort beskrivning av dig sj\u00e4lv och varf\u00f6r du skulle passa f\u00f6r uppdraget. Mejla ans\u00f6kan till <a href=\"mailto:ungdom@djurskyddet.se\">ungdom@djurskyddet.se<\/a><\/p>\n\n\n\n<p>Vi beh\u00f6ver din ans\u00f6kan senast den 3 april. Varmt v\u00e4lkommen med din ans\u00f6kan.\ud83d\udc3e<\/p>\n\n\n\n<p>Vid fr\u00e5gor, kontakta v\u00e5r verksamhetsansvarig <br><strong>Christel Bertling Szytek<\/strong><br>08 &#8211;\u00a0688 28 41 \/ 070 &#8211; 290 54 66\u00a0 <br><a href=\"mailto:christel.bertling@djurskyddet.se\">christel.bertling@djurskyddet.se<\/a> \u00a0<br><\/p>\n","protected":false},"excerpt":{"rendered":"<p>Vill du vara med och st\u00e4rka djurskyddet i Sverige? Bli styrelseledamot i Djurskyddet Ungdoms f\u00f6rbundsstyrelse! Djurskyddet Ungdom s\u00f6ker nu nya ledam\u00f6ter till v\u00e5r f\u00f6rbundsstyrelse. Vi \u00e4r en ideell organisation som arbetar f\u00f6r att st\u00e4rka djurskyddet i Sverige. Vi samlar unga personer under 30 \u00e5r och har f\u00f6reningar \u00f6ver hela landet. V\u00e5r vision \u00e4r ett samh\u00e4lle [&hellip;]<\/p>\n","protected":false},"author":3,"featured_media":6712,"comment_status":"closed","ping_status":"open","sticky":false,"template":"","format":"standard","meta":{"_acf_changed":false,"footnotes":""},"categories":[24,18],"tags":[],"class_list":["post-7479","post","type-post","status-publish","format-standard","has-post-thumbnail","hentry","category-aktuellt","category-senaste-nytt"],"acf":[],"_links":{"self":[{"href":"https:\/\/www.djurskyddet.se\/ungdom\/wp-json\/wp\/v2\/posts\/7479","targetHints":{"allow":["GET"]}}],"collection":[{"href":"https:\/\/www.djurskyddet.se\/ungdom\/wp-json\/wp\/v2\/posts"}],"about":[{"href":"https:\/\/www.djurskyddet.se\/ungdom\/wp-json\/wp\/v2\/types\/post"}],"author":[{"embeddable":true,"href":"https:\/\/www.djurskyddet.se\/ungdom\/wp-json\/wp\/v2\/users\/3"}],"replies":[{"embeddable":true,"href":"https:\/\/www.djurskyddet.se\/ungdom\/wp-json\/wp\/v2\/comments?post=7479"}],"version-history":[{"count":2,"href":"https:\/\/www.djurskyddet.se\/ungdom\/wp-json\/wp\/v2\/posts\/7479\/revisions"}],"predecessor-version":[{"id":7482,"href":"https:\/\/www.djurskyddet.se\/ungdom\/wp-json\/wp\/v2\/posts\/7479\/revisions\/7482"}],"wp:featuredmedia":[{"embeddable":true,"href":"https:\/\/www.djurskyddet.se\/ungdom\/wp-json\/wp\/v2\/media\/6712"}],"wp:attachment":[{"href":"https:\/\/www.djurskyddet.se\/ungdom\/wp-json\/wp\/v2\/media?parent=7479"}],"wp:term":[{"taxonomy":"category","embeddable":true,"href":"https:\/\/www.djurskyddet.se\/ungdom\/wp-json\/wp\/v2\/categories?post=7479"},{"taxonomy":"post_tag","embeddable":true,"href":"https:\/\/www.djurskyddet.se\/ungdom\/wp-json\/wp\/v2\/tags?post=7479"}],"curies":[{"name":"wp","href":"https:\/\/api.w.org\/{rel}","templated":true}]}}