{"id":7487,"date":"2026-02-23T13:27:27","date_gmt":"2026-02-23T12:27:27","guid":{"rendered":"https:\/\/www.djurskyddet.se\/ungdom\/?p=7487"},"modified":"2026-02-23T13:27:28","modified_gmt":"2026-02-23T12:27:28","slug":"arets-hojdpunkt-2026","status":"publish","type":"post","link":"https:\/\/www.djurskyddet.se\/ungdom\/senaste-nytt\/arets-hojdpunkt-2026\/","title":{"rendered":"\u00c5rets H\u00f6jdpunkt 2026!"},"content":{"rendered":"\n<p>Dags att anm\u00e4la sig till \u00e5rets st\u00e4mma! \ud83d\udc9a<\/p>\n\n\n\n<p>Den 23 maj \u00e4r det dags f\u00f6r Djurskyddet Ungdoms \u00e5rliga st\u00e4mma! Vi bjuder p\u00e5 en fullsp\u00e4ckad dag p\u00e5 v\u00e5rt kansli i Hammarby Sj\u00f6stad i Stockholm.<\/p>\n\n\n\n<p>Vi bjuder p\u00e5 frukost, lunch och en gemensam aktivitet. Detta vill ni inte missa! Sen kommer v\u00e5ra finska v\u00e4nner fr\u00e5n projektet <em>Stronger Together <\/em>att vara p\u00e5 plats, en fantastisk chans att l\u00e4ra k\u00e4nna fler engagerade djurv\u00e4nner och p\u00e5verka vad som h\u00e4nder i organisationen! \ud83e\udd73<\/p>\n\n\n\n<p>Det g\u00e5r ocks\u00e5 bra att delta digitalt om du inte kan vara med p\u00e5 plats.<\/p>\n\n\n\n<p><strong>ungdom@djurskyddet.se<\/strong><\/p>\n\n\n\n<p><strong>Sista dag f\u00f6r anm\u00e4lan \u00e4r 24 april.<\/strong><\/p>\n\n\n\n<p>Hoppas vi ses d\u00e4r! \ud83d\udc9a<\/p>\n\n\n\n<div class=\"wp-block-buttons is-layout-flex wp-block-buttons-is-layout-flex\">\n<div class=\"wp-block-button has-custom-font-size has-medium-font-size\"><a class=\"wp-block-button__link has-vit-color has-gron-background-color has-text-color has-background has-link-color wp-element-button\" href=\"https:\/\/sv.surveymonkey.com\/r\/57C2CGD\">Anm\u00e4l dig h\u00e4r!<\/a><\/div>\n<\/div>\n\n\n\n<p class=\"has-medium-font-size\"><\/p>\n","protected":false},"excerpt":{"rendered":"<p>Dags att anm\u00e4la sig till \u00e5rets st\u00e4mma! \ud83d\udc9a Den 23 maj \u00e4r det dags f\u00f6r Djurskyddet Ungdoms \u00e5rliga st\u00e4mma! Vi bjuder p\u00e5 en fullsp\u00e4ckad dag p\u00e5 v\u00e5rt kansli i Hammarby Sj\u00f6stad i Stockholm. Vi bjuder p\u00e5 frukost, lunch och en gemensam aktivitet. Detta vill ni inte missa! Sen kommer v\u00e5ra finska v\u00e4nner fr\u00e5n projektet Stronger [&hellip;]<\/p>\n","protected":false},"author":3,"featured_media":7490,"comment_status":"closed","ping_status":"open","sticky":false,"template":"","format":"standard","meta":{"_acf_changed":false,"footnotes":""},"categories":[24,18],"tags":[],"class_list":["post-7487","post","type-post","status-publish","format-standard","has-post-thumbnail","hentry","category-aktuellt","category-senaste-nytt"],"acf":[],"_links":{"self":[{"href":"https:\/\/www.djurskyddet.se\/ungdom\/wp-json\/wp\/v2\/posts\/7487","targetHints":{"allow":["GET"]}}],"collection":[{"href":"https:\/\/www.djurskyddet.se\/ungdom\/wp-json\/wp\/v2\/posts"}],"about":[{"href":"https:\/\/www.djurskyddet.se\/ungdom\/wp-json\/wp\/v2\/types\/post"}],"author":[{"embeddable":true,"href":"https:\/\/www.djurskyddet.se\/ungdom\/wp-json\/wp\/v2\/users\/3"}],"replies":[{"embeddable":true,"href":"https:\/\/www.djurskyddet.se\/ungdom\/wp-json\/wp\/v2\/comments?post=7487"}],"version-history":[{"count":2,"href":"https:\/\/www.djurskyddet.se\/ungdom\/wp-json\/wp\/v2\/posts\/7487\/revisions"}],"predecessor-version":[{"id":7491,"href":"https:\/\/www.djurskyddet.se\/ungdom\/wp-json\/wp\/v2\/posts\/7487\/revisions\/7491"}],"wp:featuredmedia":[{"embeddable":true,"href":"https:\/\/www.djurskyddet.se\/ungdom\/wp-json\/wp\/v2\/media\/7490"}],"wp:attachment":[{"href":"https:\/\/www.djurskyddet.se\/ungdom\/wp-json\/wp\/v2\/media?parent=7487"}],"wp:term":[{"taxonomy":"category","embeddable":true,"href":"https:\/\/www.djurskyddet.se\/ungdom\/wp-json\/wp\/v2\/categories?post=7487"},{"taxonomy":"post_tag","embeddable":true,"href":"https:\/\/www.djurskyddet.se\/ungdom\/wp-json\/wp\/v2\/tags?post=7487"}],"curies":[{"name":"wp","href":"https:\/\/api.w.org\/{rel}","templated":true}]}}