{"id":7513,"date":"2026-04-13T09:01:36","date_gmt":"2026-04-13T08:01:36","guid":{"rendered":"https:\/\/www.djurskyddet.se\/ungdom\/?p=7513"},"modified":"2026-04-13T09:06:23","modified_gmt":"2026-04-13T08:06:23","slug":"politisk-paverkan-med-lisa%e2%9c%a8","status":"publish","type":"post","link":"https:\/\/www.djurskyddet.se\/ungdom\/senaste-nytt\/politisk-paverkan-med-lisa%e2%9c%a8\/","title":{"rendered":"F\u00f6rel\u00e4sning: Politisk p\u00e5verkan"},"content":{"rendered":"\n<p>Vi \u00e4r superglada att kunna ber\u00e4tta att Lisa Norstr\u00f6m kommer att h\u00e5lla en inspirerande f\u00f6rel\u00e4sning om politisk p\u00e5verkan under v\u00e5r St\u00e4mmodag! H\u00e4r f\u00e5r du chansen att l\u00e4ra dig hur vi faktiskt kan g\u00f6ra skillnad p\u00e5 riktigt, p\u00e5verka beslut och driva djurskyddsfr\u00e5gor fram\u00e5t p\u00e5 h\u00f6g niv\u00e5.<\/p>\n\n\n\n<p>Lisa har l\u00e4st till civilingenj\u00f6r och \u00e4r utbildad journalist och har l\u00e5ng erfarenhet som chef och medarbetare i milj\u00f6r\u00f6relsen och f\u00f6r barns r\u00e4ttigheter. Idag arbetar Lisa som politiskt sakkunnig p\u00e5 Djurskyddet Sverige f\u00f6r att \u00f6ka beslutsfattares kunskap om och agerande f\u00f6r att djur ska ges m\u00f6jlighet att kunna utf\u00f6ra sina naturliga beteenden och skyddas fr\u00e5n sm\u00e4rta och lidande.<\/p>\n\n\n\n<p>Det h\u00e4r \u00e4r ett unikt tillf\u00e4lle att f\u00e5 insikt, verktyg och motivation fr\u00e5n en riktig expert, s\u00e5 se till att inte missa detta!<\/p>\n\n\n\n<p>N\u00e4r: L\u00f6rdag 23 maj kl.11.00 -12.00<\/p>\n\n\n\n<p>Var: Hammarby Fabriksv\u00e4g 25, Stockholm<\/p>\n\n\n\n<p>Hur: P\u00e5 plats eller digitalt via l\u00e4nk.<\/p>\n\n\n\n<p>Du anm\u00e4ler du dig genom att mejla till ungdom@djurskyddet.se.<\/p>\n\n\n\n<p>F\u00f6rel\u00e4sningen \u00e4r kostnadsfri f\u00f6r alla medlemmar och \u00e4r en del av v\u00e5r f\u00f6rbundsst\u00e4mma som h\u00e5lls samma dag! \ud83e\udd8b\ud83d\udc9a Vill du delta under hela dagen? D\u00e5 anm\u00e4ler du dig via knappen nedan. <\/p>\n\n\n\n<div class=\"wp-block-buttons has-custom-font-size has-medium-font-size is-layout-flex wp-block-buttons-is-layout-flex\">\n<div class=\"wp-block-button\"><a class=\"wp-block-button__link has-vit-color has-gron-background-color has-text-color has-background has-link-color wp-element-button\" href=\"https:\/\/sv.surveymonkey.com\/r\/57C2CGD\">Anm\u00e4l dig h\u00e4r!<\/a><\/div>\n<\/div>\n\n\n\n<p><strong>OBS, F\u00f6rel\u00e4sningen h\u00e5lls p\u00e5 engelska.<\/strong><\/p>\n","protected":false},"excerpt":{"rendered":"<p>Vi \u00e4r superglada att kunna ber\u00e4tta att Lisa Norstr\u00f6m kommer att h\u00e5lla en inspirerande f\u00f6rel\u00e4sning om politisk p\u00e5verkan under v\u00e5r St\u00e4mmodag! H\u00e4r f\u00e5r du chansen att l\u00e4ra dig hur vi faktiskt kan g\u00f6ra skillnad p\u00e5 riktigt, p\u00e5verka beslut och driva djurskyddsfr\u00e5gor fram\u00e5t p\u00e5 h\u00f6g niv\u00e5. Lisa har l\u00e4st till civilingenj\u00f6r och \u00e4r utbildad journalist och [&hellip;]<\/p>\n","protected":false},"author":3,"featured_media":7514,"comment_status":"closed","ping_status":"open","sticky":false,"template":"","format":"standard","meta":{"_acf_changed":false,"footnotes":""},"categories":[24,18],"tags":[],"class_list":["post-7513","post","type-post","status-publish","format-standard","has-post-thumbnail","hentry","category-aktuellt","category-senaste-nytt"],"acf":[],"_links":{"self":[{"href":"https:\/\/www.djurskyddet.se\/ungdom\/wp-json\/wp\/v2\/posts\/7513","targetHints":{"allow":["GET"]}}],"collection":[{"href":"https:\/\/www.djurskyddet.se\/ungdom\/wp-json\/wp\/v2\/posts"}],"about":[{"href":"https:\/\/www.djurskyddet.se\/ungdom\/wp-json\/wp\/v2\/types\/post"}],"author":[{"embeddable":true,"href":"https:\/\/www.djurskyddet.se\/ungdom\/wp-json\/wp\/v2\/users\/3"}],"replies":[{"embeddable":true,"href":"https:\/\/www.djurskyddet.se\/ungdom\/wp-json\/wp\/v2\/comments?post=7513"}],"version-history":[{"count":5,"href":"https:\/\/www.djurskyddet.se\/ungdom\/wp-json\/wp\/v2\/posts\/7513\/revisions"}],"predecessor-version":[{"id":7519,"href":"https:\/\/www.djurskyddet.se\/ungdom\/wp-json\/wp\/v2\/posts\/7513\/revisions\/7519"}],"wp:featuredmedia":[{"embeddable":true,"href":"https:\/\/www.djurskyddet.se\/ungdom\/wp-json\/wp\/v2\/media\/7514"}],"wp:attachment":[{"href":"https:\/\/www.djurskyddet.se\/ungdom\/wp-json\/wp\/v2\/media?parent=7513"}],"wp:term":[{"taxonomy":"category","embeddable":true,"href":"https:\/\/www.djurskyddet.se\/ungdom\/wp-json\/wp\/v2\/categories?post=7513"},{"taxonomy":"post_tag","embeddable":true,"href":"https:\/\/www.djurskyddet.se\/ungdom\/wp-json\/wp\/v2\/tags?post=7513"}],"curies":[{"name":"wp","href":"https:\/\/api.w.org\/{rel}","templated":true}]}}